{"id":29998,"date":"2025-10-27T12:33:32","date_gmt":"2025-10-27T15:33:32","guid":{"rendered":"https:\/\/cndl.org.br\/varejosa\/?p=29998"},"modified":"2026-02-03T14:45:20","modified_gmt":"2026-02-03T17:45:20","slug":"marcas-que-se-importam-2025-e-hoje-o-start-da-nova-lideranca-sustentavel","status":"publish","type":"post","link":"https:\/\/cndl.org.br\/varejosa\/marcas-que-se-importam-2025-e-hoje-o-start-da-nova-lideranca-sustentavel\/","title":{"rendered":"Marcas que se Importam 2025: \u00e9 hoje o \u201cstart\u201d da nova lideran\u00e7a sustent\u00e1vel"},"content":{"rendered":"<p>\u00c9 hoje, 27 de outubro, que a FAAP (S\u00e3o Paulo) ser\u00e1 palco da primeira edi\u00e7\u00e3o do Marcas que se Importam 2025, um movimento criado pela Ideia Sustent\u00e1vel que re\u00fane l\u00edderes e empresas que transformam prop\u00f3sito em a\u00e7\u00e3o e inauguram um novo ciclo de lideran\u00e7a sustent\u00e1vel no Brasil.<\/p>\n<p>Mais do que um evento, \u00e9 um manifesto vivo \u2014 um convite para enxergar o mundo dos neg\u00f3cios sob uma nova perspectiva: a do olhar ecoc\u00eantrico, que conecta lucro, impacto, inova\u00e7\u00e3o e responsabilidade.<\/p>\n<p>Entre as empresas e executivos confirmados: Miguel Setas (Motiva), Leandro Elias Miguel (Veja), Giovana Meneghel (Nude), Rafael Gibini (Melhoramentos), Adriana Hartmann (Mars), Mirela Sandrini (WRI Brasil), Karine Oliveira (Wakanda Educa\u00e7\u00e3o), Fernanda Caloi (Lala Brasil) e Mara Mour\u00e3o (diretora e roteirista).<\/p>\n<p>Cada um trar\u00e1 hist\u00f3rias reais de impacto positivo e gest\u00e3o com prop\u00f3sito \u2014 exemplos de marcas que unem performance, \u00e9tica e regenera\u00e7\u00e3o.<\/p>\n<p>A edi\u00e7\u00e3o deste ano conta com o apoio e a participa\u00e7\u00e3o do portal <a href=\"https:\/\/cndl.org.br\/varejosa\/\" target=\"_blank\" rel=\"noopener\">Varejo S.A.<\/a> e da Confedera\u00e7\u00e3o dos Dirigentes Lojistas (<a href=\"https:\/\/cndl.org.br\/\" target=\"_blank\" rel=\"noopener\">CNDL<\/a>).<\/p>\n<p><strong>Marcas que se Importam 2025<\/strong><\/p>\n<ul>\n<li>Tema: O que aprender com as marcas que se importam?<\/li>\n<li>Data: 27 de outubro de 2025 (segunda-feira)<\/li>\n<li>Hor\u00e1rio: das 14h \u00e0s 17h<\/li>\n<li>Local: FAAP \u2013 Funda\u00e7\u00e3o Armando Alvares Penteado, S\u00e3o Paulo<\/li>\n<li>Inscri\u00e7\u00f5es gratuitas (vagas limitadas): <a href=\"https:\/\/ideiasustentavel.com.br\/marcas-que-se-importam\/\" target=\"_blank\" rel=\"noopener\">Link<\/a><\/li>\n<li>D\u00favidas: E-mail<\/li>\n<\/ul>\n","protected":false},"excerpt":{"rendered":"<p>Transformar vis\u00e3o em a\u00e7\u00e3o e construir reputa\u00e7\u00e3o a partir do impacto positivo para as pessoas e para o planeta \u00e9 poss\u00edvel<\/p>\n","protected":false},"author":8,"featured_media":26702,"comment_status":"closed","ping_status":"closed","sticky":false,"template":"","format":"standard","meta":{"footnotes":""},"categories":[26],"tags":[5814,5828],"class_list":["post-29998","post","type-post","status-publish","format-standard","has-post-thumbnail","hentry","category-negocios-e-economia","tag-marcas-que-se-importam","tag-marcas-que-se-importam-2025"],"_links":{"self":[{"href":"https:\/\/cndl.org.br\/varejosa\/wp-json\/wp\/v2\/posts\/29998","targetHints":{"allow":["GET"]}}],"collection":[{"href":"https:\/\/cndl.org.br\/varejosa\/wp-json\/wp\/v2\/posts"}],"about":[{"href":"https:\/\/cndl.org.br\/varejosa\/wp-json\/wp\/v2\/types\/post"}],"author":[{"embeddable":true,"href":"https:\/\/cndl.org.br\/varejosa\/wp-json\/wp\/v2\/users\/8"}],"replies":[{"embeddable":true,"href":"https:\/\/cndl.org.br\/varejosa\/wp-json\/wp\/v2\/comments?post=29998"}],"version-history":[{"count":0,"href":"https:\/\/cndl.org.br\/varejosa\/wp-json\/wp\/v2\/posts\/29998\/revisions"}],"wp:featuredmedia":[{"embeddable":true,"href":"https:\/\/cndl.org.br\/varejosa\/wp-json\/wp\/v2\/media\/26702"}],"wp:attachment":[{"href":"https:\/\/cndl.org.br\/varejosa\/wp-json\/wp\/v2\/media?parent=29998"}],"wp:term":[{"taxonomy":"category","embeddable":true,"href":"https:\/\/cndl.org.br\/varejosa\/wp-json\/wp\/v2\/categories?post=29998"},{"taxonomy":"post_tag","embeddable":true,"href":"https:\/\/cndl.org.br\/varejosa\/wp-json\/wp\/v2\/tags?post=29998"}],"curies":[{"name":"wp","href":"https:\/\/api.w.org\/{rel}","templated":true}]}}