{"id":29999,"date":"2025-10-27T12:37:25","date_gmt":"2025-10-27T15:37:25","guid":{"rendered":"https:\/\/cndl.org.br\/varejosa\/?p=29999"},"modified":"2026-02-03T14:45:20","modified_gmt":"2026-02-03T17:45:20","slug":"marcas-que-se-importam-destaca-olhar-ecocentrico-na-lideranca","status":"publish","type":"post","link":"https:\/\/cndl.org.br\/varejosa\/marcas-que-se-importam-destaca-olhar-ecocentrico-na-lideranca\/","title":{"rendered":"\u201cMarcas que se importam\u201d destaca olhar ecoc\u00eantrico na lideran\u00e7a"},"content":{"rendered":"<p>O movimento Marcas que se Importam \u00e9 um convite para transformar prop\u00f3sito em a\u00e7\u00e3o e discurso em coer\u00eancia ao propor uma nova l\u00f3gica de lideran\u00e7a, capaz de unir resultado econ\u00f4mico, regenera\u00e7\u00e3o ambiental e desenvolvimento social.<\/p>\n<p>\u201cN\u00e3o se trata apenas de sustentabilidade, mas de consci\u00eancia, de enxergar o neg\u00f3cio como parte de um todo\u201d, afirma Ricardo Voltolini, CEO da Ideia Sustent\u00e1vel e idealizador do movimento Marcas que se Importam, que inaugura um novo ciclo de lideran\u00e7a sustent\u00e1vel no Brasil ao propor uma nova l\u00f3gica capaz de unir resultado econ\u00f4mico, regenera\u00e7\u00e3o ambiental e desenvolvimento social.<\/p>\n<p>E est\u00e1 chegando a hora do encontro que vai reunir l\u00edderes e marcas que enxergam o mundo com um novo olhar mais amplo, respons\u00e1vel e inspirador.<\/p>\n<p>Hoje, 27 de outubro, a FAAP recebe a primeira edi\u00e7\u00e3o do Marcas que se Importam 2025. Mais do que um evento, Marcas que se Importam \u00e9 um manifesto vivo, que convida empresas e pessoas a refletirem sobre o papel dos neg\u00f3cios na sociedade e sua capacidade de gerar valor.<\/p>\n<p>Entre os nomes confirmados est\u00e3o Miguel Setas (Motiva), Leandro Elias Miguel (Veja), Giovana Meneghel (Nude), Enio Meinen (Sicoob), Rafael Gibini (Melhoramentos), Adriana Hartmann (Mars), Mirela Sandrini (WRI Brasil), Karine Oliveira (Wakanda), Fernanda Caloi (Lala Brasil) e Mara Mour\u00e3o (roteirista e diretora), entre outros. Cada um trar\u00e1 hist\u00f3rias reais e aprendizados sobre como transformar prop\u00f3sito em a\u00e7\u00e3o e resultados em impacto positivo.<\/p>\n<p>Qual o papel dos neg\u00f3cios na sociedade e sua capacidade de gerar valor para todos os ecossistemas com os quais se relacionam?<\/p>\n<p>A edi\u00e7\u00e3o deste ano conta com o apoio e a participa\u00e7\u00e3o do portal\u00a0<a href=\"https:\/\/cndl.org.br\/varejosa\/\" target=\"_blank\" rel=\"noopener\">Varejo S.A.<\/a>\u00a0e da Confedera\u00e7\u00e3o dos Dirigentes Lojistas (<a href=\"https:\/\/cndl.org.br\/\" target=\"_blank\" rel=\"noopener\">CNDL<\/a>).<\/p>\n<p><strong>Manifesto<\/strong><\/p>\n<p>O manifesto do Marcas que se importam convida empresas e l\u00edderes a adotarem um novo olhar sobre o papel dos neg\u00f3cios: um olhar ecoc\u00eantrico, que reconhece o valor da vida em todas as suas formas e entende que gerar lucro n\u00e3o basta. \u201c\u00c9 preciso gerar sentido, impacto e coer\u00eancia\u201d, destaca Voltolini. \u201cMarcas que se importam s\u00e3o aquelas que n\u00e3o desviam o olhar dos problemas complexos, transformam vis\u00e3o em a\u00e7\u00e3o e prop\u00f3sito em pr\u00e1tica, contribuindo para um mundo mais justo e equilibrado\u201d.<\/p>\n<p>\u201cQueremos dar visibilidade a quem n\u00e3o apenas fala, mas faz: l\u00edderes e organiza\u00e7\u00f5es que praticam o que acreditam e inspiram novos modelos de neg\u00f3cio, mais humanos e regenerativos\u201d, afirma Voltolini.<\/p>\n<p><strong>Marcas que se importam \u2013 o que aprender com elas?<\/strong><\/p>\n<ul>\n<li>Data: 27 de outubro de 2025, das 14h \u00e0s 17h.<\/li>\n<li>Local: FAAP \u2013 S\u00e3o Paulo<\/li>\n<li>Inscri\u00e7\u00f5es gratuitas (vagas limitadas): <a href=\"https:\/\/ideiasustentavel.com.br\/marcas-que-se-importam\/\" target=\"_blank\" rel=\"noopener\">Link<\/a><\/li>\n<li>D\u00favidas: <a href=\"contato@ideiasustentavel.com.br\" target=\"_blank\" rel=\"noopener\">E-mail<\/a><\/li>\n<\/ul>\n","protected":false},"excerpt":{"rendered":"<p>Transformar vis\u00e3o em a\u00e7\u00e3o e construir reputa\u00e7\u00e3o a partir do impacto para as pessoas e para o planeta \u00e9 poss\u00edvel<\/p>\n","protected":false},"author":8,"featured_media":25065,"comment_status":"closed","ping_status":"closed","sticky":false,"template":"","format":"standard","meta":{"footnotes":""},"categories":[26],"tags":[5814,5828],"class_list":["post-29999","post","type-post","status-publish","format-standard","has-post-thumbnail","hentry","category-negocios-e-economia","tag-marcas-que-se-importam","tag-marcas-que-se-importam-2025"],"_links":{"self":[{"href":"https:\/\/cndl.org.br\/varejosa\/wp-json\/wp\/v2\/posts\/29999","targetHints":{"allow":["GET"]}}],"collection":[{"href":"https:\/\/cndl.org.br\/varejosa\/wp-json\/wp\/v2\/posts"}],"about":[{"href":"https:\/\/cndl.org.br\/varejosa\/wp-json\/wp\/v2\/types\/post"}],"author":[{"embeddable":true,"href":"https:\/\/cndl.org.br\/varejosa\/wp-json\/wp\/v2\/users\/8"}],"replies":[{"embeddable":true,"href":"https:\/\/cndl.org.br\/varejosa\/wp-json\/wp\/v2\/comments?post=29999"}],"version-history":[{"count":0,"href":"https:\/\/cndl.org.br\/varejosa\/wp-json\/wp\/v2\/posts\/29999\/revisions"}],"wp:featuredmedia":[{"embeddable":true,"href":"https:\/\/cndl.org.br\/varejosa\/wp-json\/wp\/v2\/media\/25065"}],"wp:attachment":[{"href":"https:\/\/cndl.org.br\/varejosa\/wp-json\/wp\/v2\/media?parent=29999"}],"wp:term":[{"taxonomy":"category","embeddable":true,"href":"https:\/\/cndl.org.br\/varejosa\/wp-json\/wp\/v2\/categories?post=29999"},{"taxonomy":"post_tag","embeddable":true,"href":"https:\/\/cndl.org.br\/varejosa\/wp-json\/wp\/v2\/tags?post=29999"}],"curies":[{"name":"wp","href":"https:\/\/api.w.org\/{rel}","templated":true}]}}