{"id":30409,"date":"2026-04-27T16:44:35","date_gmt":"2026-04-27T19:44:35","guid":{"rendered":"https:\/\/cndl.org.br\/varejosa\/?p=30409"},"modified":"2026-02-26T15:30:19","modified_gmt":"2026-02-26T18:30:19","slug":"falta-de-gestao-e-riscos-ocultos-empurram-pmes-brasileiras-para-a-crise","status":"publish","type":"post","link":"https:\/\/cndl.org.br\/varejosa\/falta-de-gestao-e-riscos-ocultos-empurram-pmes-brasileiras-para-a-crise\/","title":{"rendered":"Falta de gest\u00e3o e riscos ocultos empurram PMEs brasileiras para a crise"},"content":{"rendered":"<p>O avan\u00e7o do n\u00famero de empresas em dificuldade em 2025 tem menos rela\u00e7\u00e3o com queda de consumo e mais liga\u00e7\u00e3o direta com falhas internas de gest\u00e3o. Dados atualizados do Mapa de Empresas, do Minist\u00e9rio do Desenvolvimento, Ind\u00fastria, Com\u00e9rcio e Servi\u00e7os (MDIC), apontam que o Brasil registrou saldo negativo de mais de 2,4 milh\u00f5es de encerramentos de empresas entre 2024 e o primeiro trimestre de 2025. Micro e pequenas empresas responderam por aproximadamente 97% desse total, <a href=\"https:\/\/cndl.org.br\/varejosa\/\" target=\"_blank\" rel=\"noopener\">evidenciando<\/a> a vulnerabilidade estrutural desse segmento.<\/p>\n<p>Para Mayra Saitta, advogada, contadora, empres\u00e1ria e fundadora do Grupo Saitta, o problema central est\u00e1 na aus\u00eancia de visibilidade sobre a real situa\u00e7\u00e3o das empresas. \u201c\u00c9 recorrente encontrar empres\u00e1rios que operam no escuro, sem saber exatamente se o neg\u00f3cio gera lucro ou preju\u00edzo. Sem dados confi\u00e1veis, qualquer decis\u00e3o passa a ser baseada em sensa\u00e7\u00e3o, n\u00e3o em estrat\u00e9gia\u201d, afirma. De acordo com dados do Sebrae, apenas 35% das PMEs brasileiras realizam fechamento financeiro mensal com an\u00e1lise de margem, encargos e obriga\u00e7\u00f5es legais.<\/p>\n<p><a href=\"https:\/\/whatsapp.com\/channel\/0029VaNapMd0LKZ5yE4wsS1M\" target=\"_blank\" rel=\"noopener\"><img loading=\"lazy\" decoding=\"async\" class=\"aligncenter size-full wp-image-30457\" src=\"https:\/\/cndl.org.br\/varejosa\/wp-content\/uploads\/2026\/01\/Banner.jpg\" alt=\"\" width=\"970\" height=\"160\" srcset=\"https:\/\/cndl.org.br\/varejosa\/wp-content\/uploads\/2026\/01\/Banner.jpg 970w, https:\/\/cndl.org.br\/varejosa\/wp-content\/uploads\/2026\/01\/Banner-300x49.jpg 300w, https:\/\/cndl.org.br\/varejosa\/wp-content\/uploads\/2026\/01\/Banner-768x127.jpg 768w\" sizes=\"auto, (max-width: 970px) 100vw, 970px\" \/><\/a><\/p>\n<p>Essa falta de acompanhamento cria um ambiente prop\u00edcio para riscos ocultos. No campo financeiro, erros de enquadramento tribut\u00e1rio e aus\u00eancia de planejamento fiscal levam empresas a pagar mais impostos do que o necess\u00e1rio ou a acumular passivos que s\u00f3 aparecem em fiscaliza\u00e7\u00f5es. No aspecto jur\u00eddico, contratos gen\u00e9ricos, mal redigidos ou desatualizados aumentam a exposi\u00e7\u00e3o a disputas e a\u00e7\u00f5es trabalhistas. J\u00e1 do ponto de vista da gest\u00e3o, a inexist\u00eancia de indicadores de desempenho e metas claras dificulta a expans\u00e3o: estudos do Sebrae indicam que mais de 70% das PMEs relatam estagna\u00e7\u00e3o por falta de estrat\u00e9gia estruturada.<\/p>\n<p>Segundo Mayra, esses problemas raramente surgem de forma isolada. \u201cQuando a empresa n\u00e3o controla n\u00fameros, tamb\u00e9m tende a negligenciar contratos, obriga\u00e7\u00f5es legais e processos internos. O risco vai se acumulando at\u00e9 o momento em que a crise se torna inevit\u00e1vel\u201d, diz. Ela destaca que muitas empresas s\u00f3 procuram ajuda quando j\u00e1 enfrentam d\u00edvidas elevadas ou processos judiciais, o que reduz as alternativas de corre\u00e7\u00e3o.<\/p>\n<p>Para enfrentar esse cen\u00e1rio, a Saitta Contabilidade desenvolveu o Protocolo Raio-X, um m\u00e9todo de diagn\u00f3stico empresarial que integra an\u00e1lises jur\u00eddica, cont\u00e1bil e de gest\u00e3o. Criado por Mayra Saitta, o protocolo funciona como um \u201ccheck-up\u201d completo da empresa, identificando falhas, gargalos operacionais e oportunidades de ajuste que normalmente passam despercebidas no dia a dia.<\/p>\n<p>\u201cO diagn\u00f3stico analisa desde contratos, enquadramento tribut\u00e1rio e obriga\u00e7\u00f5es legais at\u00e9 controles internos e indicadores financeiros. A ideia \u00e9 revelar o que n\u00e3o est\u00e1 vis\u00edvel para o empres\u00e1rio\u201d, explica. O processo tem prazo m\u00e9dio de sete dias \u00fateis e resulta em um relat\u00f3rio t\u00e9cnico acompanhado de um plano de a\u00e7\u00e3o personalizado, com medidas corretivas e preventivas.<\/p>\n<p>De acordo com a especialista, o principal ganho est\u00e1 na previsibilidade. \u201cQuando o empres\u00e1rio passa a enxergar a empresa como um sistema, e n\u00e3o apenas como uma opera\u00e7\u00e3o di\u00e1ria, a tomada de decis\u00e3o muda. A d\u00edvida deixa de ser um problema abstrato e passa a ser um n\u00famero administr\u00e1vel, com estrat\u00e9gia e prazo\u201d, afirma. O m\u00e9todo \u00e9 direcionado a empresas em expans\u00e3o, neg\u00f3cios que nunca revisaram contratos e processos internos ou que desejam crescer com menor exposi\u00e7\u00e3o a riscos.<\/p>\n<p>Em um contexto econ\u00f4mico marcado por margens pressionadas e maior rigor fiscal, especialistas avaliam que a sobreviv\u00eancia das PMEs depender\u00e1 cada vez mais de gest\u00e3o estruturada e diagn\u00f3sticos preventivos. Mais do que corrigir crises, o desafio passa a ser antecip\u00e1-las transformando informa\u00e7\u00e3o em estrat\u00e9gia e reduzindo a vulnerabilidade dos neg\u00f3cios no m\u00e9dio e longo prazo.<\/p>\n","protected":false},"excerpt":{"rendered":"<p>Diagn\u00f3stico empresarial aponta falhas financeiras jur\u00eddicas e cont\u00e1beis como entraves \u00e0 sobreviv\u00eancia dos neg\u00f3cios<\/p>\n","protected":false},"author":8,"featured_media":29042,"comment_status":"closed","ping_status":"closed","sticky":false,"template":"","format":"standard","meta":{"footnotes":""},"categories":[5891],"tags":[336,578],"class_list":["post-30409","post","type-post","status-publish","format-standard","has-post-thumbnail","hentry","category-empreendedorismo","tag-gestao","tag-pmes"],"_links":{"self":[{"href":"https:\/\/cndl.org.br\/varejosa\/wp-json\/wp\/v2\/posts\/30409","targetHints":{"allow":["GET"]}}],"collection":[{"href":"https:\/\/cndl.org.br\/varejosa\/wp-json\/wp\/v2\/posts"}],"about":[{"href":"https:\/\/cndl.org.br\/varejosa\/wp-json\/wp\/v2\/types\/post"}],"author":[{"embeddable":true,"href":"https:\/\/cndl.org.br\/varejosa\/wp-json\/wp\/v2\/users\/8"}],"replies":[{"embeddable":true,"href":"https:\/\/cndl.org.br\/varejosa\/wp-json\/wp\/v2\/comments?post=30409"}],"version-history":[{"count":0,"href":"https:\/\/cndl.org.br\/varejosa\/wp-json\/wp\/v2\/posts\/30409\/revisions"}],"wp:featuredmedia":[{"embeddable":true,"href":"https:\/\/cndl.org.br\/varejosa\/wp-json\/wp\/v2\/media\/29042"}],"wp:attachment":[{"href":"https:\/\/cndl.org.br\/varejosa\/wp-json\/wp\/v2\/media?parent=30409"}],"wp:term":[{"taxonomy":"category","embeddable":true,"href":"https:\/\/cndl.org.br\/varejosa\/wp-json\/wp\/v2\/categories?post=30409"},{"taxonomy":"post_tag","embeddable":true,"href":"https:\/\/cndl.org.br\/varejosa\/wp-json\/wp\/v2\/tags?post=30409"}],"curies":[{"name":"wp","href":"https:\/\/api.w.org\/{rel}","templated":true}]}}