{"id":30428,"date":"2026-03-12T07:10:09","date_gmt":"2026-03-12T10:10:09","guid":{"rendered":"https:\/\/cndl.org.br\/varejosa\/?p=30428"},"modified":"2026-02-03T09:15:17","modified_gmt":"2026-02-03T12:15:17","slug":"minha-empresa-nao-precisa-a-percepcao-que-afasta-empresarios-da-ia","status":"publish","type":"post","link":"https:\/\/cndl.org.br\/varejosa\/minha-empresa-nao-precisa-a-percepcao-que-afasta-empresarios-da-ia\/","title":{"rendered":"\u201cMinha empresa n\u00e3o precisa\u201d: a percep\u00e7\u00e3o que afasta empres\u00e1rios da IA"},"content":{"rendered":"<p>A intelig\u00eancia artificial j\u00e1 entrou no vocabul\u00e1rio do empresariado brasileiro, mas ainda encontra resist\u00eancia quando o assunto \u00e9 ado\u00e7\u00e3o pr\u00e1tica. Para uma parcela relevante das empresas, a IA simplesmente \u201cn\u00e3o \u00e9 necess\u00e1ria\u201d. Essa percep\u00e7\u00e3o, mais cultural do que t\u00e9cnica, ajuda a explicar por que o uso da tecnologia segue restrito, mesmo em um cen\u00e1rio de ampla divulga\u00e7\u00e3o e debate.<\/p>\n<p>\u00c9 o que revela a <a href=\"https:\/\/cndl.org.br\/varejosa\/editorial\/editoriais\/pesquisa\/\" target=\"_blank\" rel=\"noopener\">pesquisa<\/a> \u201cUso de intelig\u00eancia artificial nas empresas \u201d, realizada pela <a href=\"https:\/\/site.cndl.org.br\/\" target=\"_blank\" rel=\"noopener\">CNDL<\/a> e pelo SPC Brasil, em parceria com a Offerwise Pesquisas. Entre os empres\u00e1rios que n\u00e3o utilizam IA, 32% afirmam que a tecnologia n\u00e3o \u00e9 necess\u00e1ria para o seu neg\u00f3cio, o segundo principal motivo de n\u00e3o ado\u00e7\u00e3o, atr\u00e1s apenas da falta de conhecimento sobre como usar.<\/p>\n<p>O dado exp\u00f5e um obst\u00e1culo silencioso: a dificuldade de enxergar a IA como ferramenta pr\u00e1tica, e n\u00e3o como algo distante, caro ou exclusivo de grandes empresas.<\/p>\n<p><strong>IA ainda vista como coisa de \u201cempresa grande\u201d<\/strong><\/p>\n<p>Para muitos empres\u00e1rios, a intelig\u00eancia artificial continua associada a projetos complexos, equipes especializadas e investimentos elevados. Essa imagem cria um bloqueio inicial: se a empresa \u00e9 pequena ou m\u00e9dia, se o neg\u00f3cio \u00e9 local ou se a opera\u00e7\u00e3o \u00e9 simples, a conclus\u00e3o autom\u00e1tica \u00e9 de que a IA \u201cn\u00e3o se aplica\u201d.<\/p>\n<p>Essa leitura ignora o avan\u00e7o recente de solu\u00e7\u00f5es acess\u00edveis, integradas a plataformas j\u00e1 usadas no dia a dia, como ferramentas de marketing, atendimento ao cliente, an\u00e1lise de dados e automa\u00e7\u00e3o de tarefas administrativas. Ainda assim, a percep\u00e7\u00e3o permanece: a IA \u00e9 vista como algo al\u00e9m da necessidade imediata.<\/p>\n<p>A pesquisa mostra que a resist\u00eancia n\u00e3o est\u00e1 ligada \u00e0 rejei\u00e7\u00e3o da tecnologia em si, mas \u00e0 dificuldade de conect\u00e1-la \u00e0 rotina operacional. Muitos empres\u00e1rios utilizam processos manuais, tomam decis\u00f5es com base na experi\u00eancia e resolvem problemas de forma reativa, modelos que funcionam no curto prazo, mas limitam ganhos de efici\u00eancia.<\/p>\n<p>Nesse contexto, a IA acaba sendo comparada a uma solu\u00e7\u00e3o \u201csofisticada demais\u201d para problemas que parecem simples. O paradoxo \u00e9 que justamente essas tarefas repetitivas, responder clientes, organizar demandas, analisar vendas, identificar padr\u00f5es de consumo, s\u00e3o as que mais se beneficiam da automa\u00e7\u00e3o inteligente.<\/p>\n<p><strong>A diferen\u00e7a entre n\u00e3o precisar e n\u00e3o conhecer<\/strong><\/p>\n<p>O dado de que 52% dos empres\u00e1rios n\u00e3o sabem como usar a IA ajuda a entender por que tantos afirmam n\u00e3o precisar da tecnologia. Em muitos casos, a percep\u00e7\u00e3o de desnecessidade nasce da falta de exemplos concretos e aplic\u00e1veis \u00e0 realidade do neg\u00f3cio.<\/p>\n<p>Quando o empres\u00e1rio n\u00e3o enxerga retorno claro, a IA vira um \u201cluxo\u201d, algo para depois. O problema \u00e9 que, ao adiar a ado\u00e7\u00e3o, a empresa tamb\u00e9m posterga ganhos de produtividade, efici\u00eancia e competitividade.<\/p>\n<p>Curiosamente, a pesquisa mostra que o ceticismo n\u00e3o \u00e9 absoluto. 41% dos empres\u00e1rios acreditam que a IA aumentar\u00e1 a competitividade das empresas nos pr\u00f3ximos anos, e 52% veem potencial de aumento de vendas com o uso da tecnologia. Ou seja, mesmo entre os que n\u00e3o adotam, h\u00e1 reconhecimento do impacto futuro.<\/p>\n<p>O que falta \u00e9 a ponte entre expectativa e a\u00e7\u00e3o. Entre os empres\u00e1rios que discordam do impacto positivo da IA, 58% afirmam que suas empresas n\u00e3o est\u00e3o preparadas para essa transforma\u00e7\u00e3o, refor\u00e7ando que o entrave est\u00e1 mais na estrutura e na gest\u00e3o do que na tecnologia em si.<\/p>\n<p>A ideia de que \u201cminha empresa n\u00e3o precisa\u201d pode parecer inofensiva, mas carrega um risco estrat\u00e9gico. \u00c0 medida que concorrentes adotam solu\u00e7\u00f5es simples de IA, mesmo que de forma gradual, ganham efici\u00eancia, reduzem custos e melhoram a experi\u00eancia do cliente. Quem fica de fora tende a perder competitividade de forma silenciosa.<\/p>\n<p>A pesquisa indica que a ado\u00e7\u00e3o da IA n\u00e3o ser\u00e1 abrupta, mas progressiva. E, nesse processo, a maior barreira n\u00e3o ser\u00e1 financeira ou t\u00e9cnica, mas mental.<\/p>\n<p><strong>O desafio n\u00e3o \u00e9 convencer, \u00e9 traduzir<\/strong><\/p>\n<p>O retrato que emerge \u00e9 claro: a intelig\u00eancia artificial j\u00e1 \u00e9 conhecida, mas ainda n\u00e3o \u00e9 compreendida no n\u00edvel pr\u00e1tico. Enquanto a IA n\u00e3o for traduzida em exemplos simples, aplic\u00e1veis e alinhados ao cotidiano das empresas, seguir\u00e1 distante da rotina empresarial.<\/p>\n<p>Mais do que tecnologia, o desafio \u00e9 mudan\u00e7a de percep\u00e7\u00e3o. Porque, na pr\u00e1tica, a pergunta j\u00e1 n\u00e3o \u00e9 se a empresa precisa de IA, mas quanto tempo ela pode ficar sem usar.<\/p>\n","protected":false},"excerpt":{"rendered":"<p>Pesquisa da Confedera\u00e7\u00e3o Nacional de Dirigentes Lojistas e do SPC Brasil mostra que a principal resist\u00eancia \u00e0 intelig\u00eancia artificial n\u00e3o \u00e9 custo<\/p>\n","protected":false},"author":33,"featured_media":24983,"comment_status":"closed","ping_status":"closed","sticky":false,"template":"","format":"standard","meta":{"footnotes":""},"categories":[70,51],"tags":[933,934],"class_list":["post-30428","post","type-post","status-publish","format-standard","has-post-thumbnail","hentry","category-destaque","category-inovacao","tag-ia","tag-inteligencia-artificial"],"_links":{"self":[{"href":"https:\/\/cndl.org.br\/varejosa\/wp-json\/wp\/v2\/posts\/30428","targetHints":{"allow":["GET"]}}],"collection":[{"href":"https:\/\/cndl.org.br\/varejosa\/wp-json\/wp\/v2\/posts"}],"about":[{"href":"https:\/\/cndl.org.br\/varejosa\/wp-json\/wp\/v2\/types\/post"}],"author":[{"embeddable":true,"href":"https:\/\/cndl.org.br\/varejosa\/wp-json\/wp\/v2\/users\/33"}],"replies":[{"embeddable":true,"href":"https:\/\/cndl.org.br\/varejosa\/wp-json\/wp\/v2\/comments?post=30428"}],"version-history":[{"count":0,"href":"https:\/\/cndl.org.br\/varejosa\/wp-json\/wp\/v2\/posts\/30428\/revisions"}],"wp:featuredmedia":[{"embeddable":true,"href":"https:\/\/cndl.org.br\/varejosa\/wp-json\/wp\/v2\/media\/24983"}],"wp:attachment":[{"href":"https:\/\/cndl.org.br\/varejosa\/wp-json\/wp\/v2\/media?parent=30428"}],"wp:term":[{"taxonomy":"category","embeddable":true,"href":"https:\/\/cndl.org.br\/varejosa\/wp-json\/wp\/v2\/categories?post=30428"},{"taxonomy":"post_tag","embeddable":true,"href":"https:\/\/cndl.org.br\/varejosa\/wp-json\/wp\/v2\/tags?post=30428"}],"curies":[{"name":"wp","href":"https:\/\/api.w.org\/{rel}","templated":true}]}}