{"id":30472,"date":"2026-01-26T15:00:40","date_gmt":"2026-01-26T18:00:40","guid":{"rendered":"https:\/\/cndl.org.br\/varejosa\/?p=30472"},"modified":"2026-02-03T14:46:22","modified_gmt":"2026-02-03T17:46:22","slug":"varejo-brasileiro-amplia-participacao-na-fira-com-indicacao-para-comite-executivo-global","status":"publish","type":"post","link":"https:\/\/cndl.org.br\/varejosa\/varejo-brasileiro-amplia-participacao-na-fira-com-indicacao-para-comite-executivo-global\/","title":{"rendered":"Varejo brasileiro amplia participa\u00e7\u00e3o na FIRA com indica\u00e7\u00e3o para comit\u00ea executivo global"},"content":{"rendered":"<p>O varejo brasileiro ampliou sua presen\u00e7a nas discuss\u00f5es internacionais do setor com a indica\u00e7\u00e3o de Marcos Gouv\u00eaa para o cargo de vice-presidente da FIRA (<a href=\"https:\/\/nrf.com\/membership\/committees-and-councils\/federation-international-retail-associations-fira\" target=\"_blank\" rel=\"noopener\">Federa\u00e7\u00e3o Internacional das Associa\u00e7\u00f5es do Varejo<\/a>, sigla em ingl\u00eas) para a Am\u00e9rica do Sul e membro do comit\u00ea executivo global da entidade. A nomea\u00e7\u00e3o foi anunciada durante reuni\u00e3o realizada em Nova York, que reuniu lideran\u00e7as do varejo de diferentes pa\u00edses.<\/p>\n<p>A cria\u00e7\u00e3o do comit\u00ea executivo global marca um novo momento da federa\u00e7\u00e3o, com o objetivo de estruturar uma agenda estrat\u00e9gica voltada aos principais desafios do <a href=\"https:\/\/cndl.org.br\/varejosa\/\" target=\"_blank\" rel=\"noopener\">varejo<\/a> mundial, como transforma\u00e7\u00e3o digital, mudan\u00e7as no comportamento do consumidor, sustentabilidade e integra\u00e7\u00e3o entre mercados. Atualmente, a FIRA re\u00fane 37 associa\u00e7\u00f5es filiadas em 23 pa\u00edses e passa por um processo de reconfigura\u00e7\u00e3o de sua governan\u00e7a, com foco em maior integra\u00e7\u00e3o entre mercados e diversidade de perspectivas.<\/p>\n<p><strong>Brasil ativo no debate internacional e reconhecimento ao varejo brasileiro e latino-americano<\/strong><\/p>\n<p>A Confedera\u00e7\u00e3o Nacional de Dirigentes Lojistas (CNDL), membro da FIRA, participa de forma recorrente das reuni\u00f5es da entidade e esteve presente nesta edi\u00e7\u00e3o, de 2026, do encontro em Nova York, representada por seu presidente, Jos\u00e9 C\u00e9sar da Costa, e pelo gerente executivo da entidade, Daniel Sakamoto.<\/p>\n<p>\u201cParabenizo o presidente da FIRA pela iniciativa de criar um comit\u00ea executivo global para pensar e elaborar uma agenda estrat\u00e9gica para o varejo mundial. Esse \u00e9 um passo importante para conectar realidades diferentes e construir solu\u00e7\u00f5es conjuntas para os desafios que afetam o com\u00e9rcio em escala global\u201d, afirmou Jos\u00e9 C\u00e9sar da Costa. Ele tamb\u00e9m resaltou que esse movimento fortalece a capacidade da FIRA de atuar de forma mais coordenada frente \u00e0s transforma\u00e7\u00f5es do setor.<\/p>\n<div id=\"attachment_30474\" style=\"width: 320px\" class=\"wp-caption aligncenter\"><img loading=\"lazy\" decoding=\"async\" aria-describedby=\"caption-attachment-30474\" class=\" wp-image-30474\" src=\"https:\/\/cndl.org.br\/varejosa\/wp-content\/uploads\/2026\/01\/659555aa-649a-425e-aac6-c8789ad80271-885x1024.jpg\" alt=\"\" width=\"310\" height=\"359\" srcset=\"https:\/\/cndl.org.br\/varejosa\/wp-content\/uploads\/2026\/01\/659555aa-649a-425e-aac6-c8789ad80271-885x1024.jpg 885w, https:\/\/cndl.org.br\/varejosa\/wp-content\/uploads\/2026\/01\/659555aa-649a-425e-aac6-c8789ad80271-259x300.jpg 259w, https:\/\/cndl.org.br\/varejosa\/wp-content\/uploads\/2026\/01\/659555aa-649a-425e-aac6-c8789ad80271-768x888.jpg 768w, https:\/\/cndl.org.br\/varejosa\/wp-content\/uploads\/2026\/01\/659555aa-649a-425e-aac6-c8789ad80271-1328x1536.jpg 1328w, https:\/\/cndl.org.br\/varejosa\/wp-content\/uploads\/2026\/01\/659555aa-649a-425e-aac6-c8789ad80271-1770x2048.jpg 1770w, https:\/\/cndl.org.br\/varejosa\/wp-content\/uploads\/2026\/01\/659555aa-649a-425e-aac6-c8789ad80271.jpg 1920w\" sizes=\"auto, (max-width: 310px) 100vw, 310px\" \/><p id=\"caption-attachment-30474\" class=\"wp-caption-text\">Jos\u00e9 Cesar da Costa, presidente da CNDL (\u00e0 esquerda), Marcos Gouv\u00eaa de Souza, CEO da Gouv\u00eaa Ecosystem (ao centro) e Edgard de Castro, presidente da Afrac (\u00e0 direita)<\/p><\/div>\n<p>A indica\u00e7\u00e3o de Marcos Gouv\u00eaa tamb\u00e9m foi destacada como um reconhecimento \u00e0 relev\u00e2ncia do varejo brasileiro no cen\u00e1rio internacional. Segundo o presidente da CNDL, a escolha reflete n\u00e3o apenas a trajet\u00f3ria profissional do executivo, mas a maturidade do setor na regi\u00e3o.\u00a0\u201cParabenizo o Marcos Gouv\u00eaa pela indica\u00e7\u00e3o e reconhe\u00e7o nele um nome extremamente qualificado para representar o varejo brasileiro e da Am\u00e9rica do Sul. Temos uma rela\u00e7\u00e3o de amizade e parceria constru\u00edda ao longo de anos de debates, mobiliza\u00e7\u00f5es e eventos em prol do fortalecimento do varejo\u201d, destacou.<\/p>\n<p>Ainda segundo o presidente da Confedera\u00e7\u00e3o, a presen\u00e7a de um representante brasileiro no comit\u00ea executivo global contribui para ampliar a troca de experi\u00eancias entre mercados emergentes e economias mais maduras. \u201cO Brasil tem muito a contribuir com o varejo mundial, especialmente em temas como inova\u00e7\u00e3o, resili\u00eancia e adapta\u00e7\u00e3o ao consumidor\u201d, completou.<\/p>\n<p><strong>Agenda global, impacto local<\/strong><\/p>\n<p>A participa\u00e7\u00e3o ativa da CNDL na FIRA refor\u00e7a o papel da entidade como ponte entre o varejo brasileiro e as discuss\u00f5es globais do setor. A presen\u00e7a institucional em f\u00f3runs internacionais permite n\u00e3o apenas acompanhar tend\u00eancias, mas tamb\u00e9m levar ao debate experi\u00eancias e desafios enfrentados pelo com\u00e9rcio nacional.<\/p>\n<p>Com a cria\u00e7\u00e3o do comit\u00ea executivo global e a entrada de Marcos Gouv\u00eaa em sua composi\u00e7\u00e3o, a expectativa \u00e9 que o varejo da Am\u00e9rica do Sul tenha voz mais ativa na constru\u00e7\u00e3o de uma agenda internacional que dialogue com diferentes realidades econ\u00f4micas, sociais e culturais.<\/p>\n","protected":false},"excerpt":{"rendered":"<p>Marcos Gouv\u00eaa \u00e9 indicado para o cargo de vice-presidente da FIRA<\/p>\n","protected":false},"author":33,"featured_media":30473,"comment_status":"closed","ping_status":"closed","sticky":false,"template":"","format":"standard","meta":{"footnotes":""},"categories":[70,26],"tags":[2875,2106,5886],"class_list":["post-30472","post","type-post","status-publish","format-standard","has-post-thumbnail","hentry","category-destaque","category-negocios-e-economia","tag-fira","tag-marcos-gouvea","tag-nrf2026"],"_links":{"self":[{"href":"https:\/\/cndl.org.br\/varejosa\/wp-json\/wp\/v2\/posts\/30472","targetHints":{"allow":["GET"]}}],"collection":[{"href":"https:\/\/cndl.org.br\/varejosa\/wp-json\/wp\/v2\/posts"}],"about":[{"href":"https:\/\/cndl.org.br\/varejosa\/wp-json\/wp\/v2\/types\/post"}],"author":[{"embeddable":true,"href":"https:\/\/cndl.org.br\/varejosa\/wp-json\/wp\/v2\/users\/33"}],"replies":[{"embeddable":true,"href":"https:\/\/cndl.org.br\/varejosa\/wp-json\/wp\/v2\/comments?post=30472"}],"version-history":[{"count":0,"href":"https:\/\/cndl.org.br\/varejosa\/wp-json\/wp\/v2\/posts\/30472\/revisions"}],"wp:featuredmedia":[{"embeddable":true,"href":"https:\/\/cndl.org.br\/varejosa\/wp-json\/wp\/v2\/media\/30473"}],"wp:attachment":[{"href":"https:\/\/cndl.org.br\/varejosa\/wp-json\/wp\/v2\/media?parent=30472"}],"wp:term":[{"taxonomy":"category","embeddable":true,"href":"https:\/\/cndl.org.br\/varejosa\/wp-json\/wp\/v2\/categories?post=30472"},{"taxonomy":"post_tag","embeddable":true,"href":"https:\/\/cndl.org.br\/varejosa\/wp-json\/wp\/v2\/tags?post=30472"}],"curies":[{"name":"wp","href":"https:\/\/api.w.org\/{rel}","templated":true}]}}