{"id":30503,"date":"2026-03-10T15:18:00","date_gmt":"2026-03-10T18:18:00","guid":{"rendered":"https:\/\/cndl.org.br\/varejosa\/?p=30503"},"modified":"2026-02-11T11:21:13","modified_gmt":"2026-02-11T14:21:13","slug":"recorde-de-abertura-de-meis-e-pequenos-negocios-mostra-forca-do-empreendedorismo-brasileiro-e-evidencia-necessidade-de-valorizacao","status":"publish","type":"post","link":"https:\/\/cndl.org.br\/varejosa\/recorde-de-abertura-de-meis-e-pequenos-negocios-mostra-forca-do-empreendedorismo-brasileiro-e-evidencia-necessidade-de-valorizacao\/","title":{"rendered":"Recorde de abertura de MEIs e pequenos neg\u00f3cios mostra for\u00e7a do empreendedorismo brasileiro e evidencia necessidade de valoriza\u00e7\u00e3o"},"content":{"rendered":"<p>O Brasil registrou, em 2025, o recorde hist\u00f3rico de 4,6 milh\u00f5es de microempreendedores individuais (MEIs), microempresas e empresas de pequeno porte abertas, segundo o Sebrae. Esse cen\u00e1rio refor\u00e7a o protagonismo do pequeno neg\u00f3cio como principal for\u00e7a de gera\u00e7\u00e3o de renda no Pa\u00eds, representando 97% das empresas brasileiras. O segmento j\u00e1 responde por 26,5% do Produto Interno Bruto (PIB) nacional, consolidando seu papel estrat\u00e9gico no desenvolvimento econ\u00f4mico e social.<\/p>\n<p>\u201cTrata-se de um n\u00famero expressivo dentro da din\u00e2mica econ\u00f4mica brasileira, especialmente na <a href=\"https:\/\/cndl.org.br\/varejosa\/\" target=\"_blank\" rel=\"noopener\">gera\u00e7\u00e3o<\/a> de emprego, de renda e na participa\u00e7\u00e3o produtiva. Grande parte desses empreendedores acredita e tem esperan\u00e7a muito grande na retomada da economia nos pr\u00f3ximos anos, portanto \u00e9 fundamental a cria\u00e7\u00e3o de condi\u00e7\u00f5es que fortale\u00e7am esses empreendimentos, tendo em vista que a maioria nasce com muita fragilidade\u201d, avalia Ana Claudia Arruda, economista e conselheira do COFECON (Conselho Federal de Economia).<\/p>\n<p><a href=\"https:\/\/whatsapp.com\/channel\/0029VaNapMd0LKZ5yE4wsS1M\" target=\"_blank\" rel=\"noopener\"><img loading=\"lazy\" decoding=\"async\" class=\"aligncenter size-full wp-image-30457\" src=\"https:\/\/cndl.org.br\/varejosa\/wp-content\/uploads\/2026\/01\/Banner.jpg\" alt=\"\" width=\"970\" height=\"160\" srcset=\"https:\/\/cndl.org.br\/varejosa\/wp-content\/uploads\/2026\/01\/Banner.jpg 970w, https:\/\/cndl.org.br\/varejosa\/wp-content\/uploads\/2026\/01\/Banner-300x49.jpg 300w, https:\/\/cndl.org.br\/varejosa\/wp-content\/uploads\/2026\/01\/Banner-768x127.jpg 768w\" sizes=\"auto, (max-width: 970px) 100vw, 970px\" \/><\/a><\/p>\n<p>Ela cita alguns desafios estruturais que precisam ser enfrentados para ampliar o impacto positivo desse movimento na economia brasileira. \u201cEm rela\u00e7\u00e3o ao cr\u00e9dito, sabemos que as condi\u00e7\u00f5es s\u00e3o inadequadas, sendo necess\u00e1rio um sistema mais amig\u00e1vel a esses empreendedores, com taxas compat\u00edveis com suas atividades. Outro ponto de destaque \u00e9 a quest\u00e3o que envolve a digitaliza\u00e7\u00e3o e inova\u00e7\u00e3o produtiva, ampliando as plataformas digitais de acesso ao e-commerce e solu\u00e7\u00f5es tecnol\u00f3gicas, para que aumentem sua produtividade e competitividade&#8221;, ressalta.<\/p>\n<p>No caso dos MEIs, por exemplo, o limite de faturamento, estagnado em R$81 mil por ano, se tornou outro grande problema diante do crescimento da infla\u00e7\u00e3o nos \u00faltimos anos. \u201cNossa economia mudou, os pre\u00e7os subiram e as taxas de juros variaram, mas o limite do MEI parou no tempo. \u00c9 invi\u00e1vel manter esse teto congelado enquanto tudo ao redor fica mais caro. Desde 2018, quando o limite subiu para R$81 mil, a infla\u00e7\u00e3o j\u00e1 passou de 34%. Na pr\u00e1tica, o MEI perdeu poder de faturar. Se esse teto tivesse sido reajustado s\u00f3 pela infla\u00e7\u00e3o, hoje ele j\u00e1 estaria perto de R$109 mil\u201d, afirma Mateus Vicente, CEO da MaisMei, que auxilia microempreendedores individuais a gerir os neg\u00f3cios e agilizar tarefas burocr\u00e1ticas. A empresa se tornou refer\u00eancia, nos \u00faltimos anos, na aplica\u00e7\u00e3o da tecnologia para ajudar, principalmente, trabalhadores e pequenos empreendedores a formalizarem seus neg\u00f3cios por meio de um SuperApp.<\/p>\n<p>Ele lembra que, por outro lado, enquanto o limite do MEI ficou parado, o valor do imposto mensal (o DAS) n\u00e3o parou de subir, pois ele acompanha o sal\u00e1rio-m\u00ednimo. \u201cUm MEI de servi\u00e7os que pagava R$52,70 em 2018, hoje desembolsa R$80,90, um aumento de 53,5% no desembolso. Ou seja, um empreendedor que cresce, pode ser penalizado por isso. \u00c9 uma realidade que n\u00e3o impulsiona o sucesso. Ao contr\u00e1rio, acaba prejudicando a opera\u00e7\u00e3o e a sa\u00fade financeira do neg\u00f3cio em expans\u00e3o\u201d, avalia Mateus Vicente.<\/p>\n<p>Atualmente, alguns projetos de lei tramitam no Congresso Nacional para aumentar o teto de faturamento do MEI. No Senado Federal, por exemplo, a Comiss\u00e3o de Assuntos Econ\u00f4micos (CAE) discute o PLP 60\/2025, que prop\u00f5e aumentar o limite para R$140 mil ao ano.<\/p>\n<p>Essa mudan\u00e7a, caso avance, n\u00e3o apenas valoriza os MEIs ativos, mas tamb\u00e9m serve de incentivo para que mais microempreendedores e trabalhadores aut\u00f4nomos saiam da informalidade.<\/p>\n<p>\u201cSe um trabalhador n\u00e3o contribui para o INSS, ele pode enfrentar dificuldades para acessar benef\u00edcios, como a aposentadoria. Al\u00e9m disso, profissionais que est\u00e3o na informalidade podem ficar desamparados legalmente em situa\u00e7\u00f5es de doen\u00e7a ou em caso de maternidade, pegando dois exemplos comuns. Atualmente, os MEIs s\u00e3o as melhores alternativas para quem deseja planejar as finan\u00e7as de maneira adequada e garantir mais seguran\u00e7a a longo prazo, a partir de um modelo de impostos mais simples\u201d, alerta K\u00e1lyta Caetano, contadora especialista em MEI da MaisMei.<\/p>\n<p>O Cadastro Nacional da Pessoa Jur\u00eddica (CNPJ) tamb\u00e9m beneficia o empreendedor que tem pretens\u00f5es de crescimento em suas atividades profissionais, com mais credibilidade para negociar com terceiros, poder de emitir notas fiscais, comprar ve\u00edculos com descontos, possibilidade de participa\u00e7\u00e3o em licita\u00e7\u00f5es e o acesso a servi\u00e7os financeiros e planos de sa\u00fade mais acess\u00edveis.<\/p>\n","protected":false},"excerpt":{"rendered":"<p>Maior utiliza\u00e7\u00e3o de solu\u00e7\u00f5es digitais pode aumentar o impacto positivo desse movimento<\/p>\n","protected":false},"author":8,"featured_media":26698,"comment_status":"closed","ping_status":"closed","sticky":false,"template":"","format":"standard","meta":{"footnotes":""},"categories":[26],"tags":[830],"class_list":["post-30503","post","type-post","status-publish","format-standard","has-post-thumbnail","hentry","category-negocios-e-economia","tag-meis"],"_links":{"self":[{"href":"https:\/\/cndl.org.br\/varejosa\/wp-json\/wp\/v2\/posts\/30503","targetHints":{"allow":["GET"]}}],"collection":[{"href":"https:\/\/cndl.org.br\/varejosa\/wp-json\/wp\/v2\/posts"}],"about":[{"href":"https:\/\/cndl.org.br\/varejosa\/wp-json\/wp\/v2\/types\/post"}],"author":[{"embeddable":true,"href":"https:\/\/cndl.org.br\/varejosa\/wp-json\/wp\/v2\/users\/8"}],"replies":[{"embeddable":true,"href":"https:\/\/cndl.org.br\/varejosa\/wp-json\/wp\/v2\/comments?post=30503"}],"version-history":[{"count":0,"href":"https:\/\/cndl.org.br\/varejosa\/wp-json\/wp\/v2\/posts\/30503\/revisions"}],"wp:featuredmedia":[{"embeddable":true,"href":"https:\/\/cndl.org.br\/varejosa\/wp-json\/wp\/v2\/media\/26698"}],"wp:attachment":[{"href":"https:\/\/cndl.org.br\/varejosa\/wp-json\/wp\/v2\/media?parent=30503"}],"wp:term":[{"taxonomy":"category","embeddable":true,"href":"https:\/\/cndl.org.br\/varejosa\/wp-json\/wp\/v2\/categories?post=30503"},{"taxonomy":"post_tag","embeddable":true,"href":"https:\/\/cndl.org.br\/varejosa\/wp-json\/wp\/v2\/tags?post=30503"}],"curies":[{"name":"wp","href":"https:\/\/api.w.org\/{rel}","templated":true}]}}