{"id":30672,"date":"2026-02-23T15:45:08","date_gmt":"2026-02-23T18:45:08","guid":{"rendered":"https:\/\/cndl.org.br\/varejosa\/?p=30672"},"modified":"2026-02-23T13:54:31","modified_gmt":"2026-02-23T16:54:31","slug":"depois-do-carnaval-o-que-os-dias-de-folia-deixam-nas-ruas-do-brasil","status":"publish","type":"post","link":"https:\/\/cndl.org.br\/varejosa\/depois-do-carnaval-o-que-os-dias-de-folia-deixam-nas-ruas-do-brasil\/","title":{"rendered":"Depois do Carnaval: o que os dias de folia deixam nas ruas do Brasil"},"content":{"rendered":"<p>O Carnaval transformou ruas de Norte a Sul do pa\u00eds em palco para a maior festa popular do Brasil. Fantasias, m\u00fasica e blocos lotados tomaram conta das cidades. Mas, quando o som diminui, e os foli\u00f5es v\u00e3o embora, outra cena passou a chamar aten\u00e7\u00e3o: cal\u00e7adas cobertas de latinhas, copos e embalagens, muitas vezes jogados no ch\u00e3o ou misturados aos res\u00edduos org\u00e2nicos.<\/p>\n<p>A imagem se repete ano ap\u00f3s <a href=\"https:\/\/cndl.org.br\/varejosa\/\" target=\"_blank\" rel=\"noopener\">ano<\/a> e escancara um dos principais desafios dos grandes eventos de rua: o alto volume de res\u00edduos gerados em poucas horas, especialmente materiais que poderiam ser reciclados, como latas de alum\u00ednio e garrafas pl\u00e1sticas.<\/p>\n<p>\u201cEm eventos como o Carnaval, o problema n\u00e3o \u00e9 apenas o comportamento individual, mas a falta de infraestrutura adequada para o volume de res\u00edduos gerado. Muitas vezes, mesmo quem quer descartar corretamente n\u00e3o encontra pontos suficientes ou sistemas de coleta separada, o que dificulta a reciclagem j\u00e1 na origem\u201d, explica Renato Paquet, especialista em log\u00edstica reversa e CEO da Polen, cleantech que atua com rastreabilidade de res\u00edduos e inclus\u00e3o produtiva de catadoras e catadores de materiais recicl\u00e1veis.<\/p>\n<p><a href=\"https:\/\/whatsapp.com\/channel\/0029VaNapMd0LKZ5yE4wsS1M\" target=\"_blank\" rel=\"noopener\"><img loading=\"lazy\" decoding=\"async\" class=\"aligncenter size-full wp-image-30457\" src=\"https:\/\/cndl.org.br\/varejosa\/wp-content\/uploads\/2026\/01\/Banner.jpg\" alt=\"\" width=\"970\" height=\"160\" srcset=\"https:\/\/cndl.org.br\/varejosa\/wp-content\/uploads\/2026\/01\/Banner.jpg 970w, https:\/\/cndl.org.br\/varejosa\/wp-content\/uploads\/2026\/01\/Banner-300x49.jpg 300w, https:\/\/cndl.org.br\/varejosa\/wp-content\/uploads\/2026\/01\/Banner-768x127.jpg 768w\" sizes=\"auto, (max-width: 970px) 100vw, 970px\" \/><\/a><\/p>\n<p>Al\u00e9m do impacto ambiental, o descarte incorreto tamb\u00e9m representa perda econ\u00f4mica. Latas e pl\u00e1sticos t\u00eam valor de mercado e s\u00e3o fonte de renda para milhares de catadoras e catadores em todo o pa\u00eds. O descarte correto criaria um impacto positivo nesse processo: quando os materiais s\u00e3o separados na origem, eles chegam em melhores condi\u00e7\u00f5es para triagem, aumentando o aproveitamento e o retorno econ\u00f4mico para quem vive da reciclagem.<\/p>\n<p>Segundo o especialista, existem solu\u00e7\u00f5es relativamente simples que podem ser adotadas pelo poder p\u00fablico e por organizadores de eventos para melhorar a gest\u00e3o de res\u00edduos durante o Carnaval. \u201c\u00c9 poss\u00edvel criar mais pontos de descarte ao longo dos blocos, refor\u00e7ar a sinaliza\u00e7\u00e3o para recicl\u00e1veis incentivando o descarte correto e firmar parcerias com cooperativas para atuar de forma mais organizada antes, durante e depois dos eventos. Comunica\u00e7\u00e3o clara e estrutura adequada fazem muita diferen\u00e7a\u201d, afirma.<\/p>\n<p>A discuss\u00e3o n\u00e3o \u00e9 sobre burocratizar a festa, mas pode ampliar a consci\u00eancia sobre o papel de cada um. Atitudes individuais, como n\u00e3o descartar res\u00edduos no ch\u00e3o e separar materiais recicl\u00e1veis, sempre que poss\u00edvel, ajudam a reduzir o impacto negativo da folia e facilitam o trabalho de quem atua na limpeza urbana e na coleta de recicl\u00e1veis.<\/p>\n<p>O Carnaval \u00e9 coletivo \u2014 e o cuidado com as cidades tamb\u00e9m.<\/p>\n","protected":false},"excerpt":{"rendered":"<p>Entre blocos lotados, especialista explica por que tanto material recicl\u00e1vel ainda \u00e9 descartado de forma incorreta e o que pode ser feito para mudar esse cen\u00e1rio<\/p>\n","protected":false},"author":8,"featured_media":28582,"comment_status":"closed","ping_status":"closed","sticky":false,"template":"","format":"standard","meta":{"footnotes":""},"categories":[101],"tags":[927],"class_list":["post-30672","post","type-post","status-publish","format-standard","has-post-thumbnail","hentry","category-tendencias","tag-carnaval"],"_links":{"self":[{"href":"https:\/\/cndl.org.br\/varejosa\/wp-json\/wp\/v2\/posts\/30672","targetHints":{"allow":["GET"]}}],"collection":[{"href":"https:\/\/cndl.org.br\/varejosa\/wp-json\/wp\/v2\/posts"}],"about":[{"href":"https:\/\/cndl.org.br\/varejosa\/wp-json\/wp\/v2\/types\/post"}],"author":[{"embeddable":true,"href":"https:\/\/cndl.org.br\/varejosa\/wp-json\/wp\/v2\/users\/8"}],"replies":[{"embeddable":true,"href":"https:\/\/cndl.org.br\/varejosa\/wp-json\/wp\/v2\/comments?post=30672"}],"version-history":[{"count":0,"href":"https:\/\/cndl.org.br\/varejosa\/wp-json\/wp\/v2\/posts\/30672\/revisions"}],"wp:featuredmedia":[{"embeddable":true,"href":"https:\/\/cndl.org.br\/varejosa\/wp-json\/wp\/v2\/media\/28582"}],"wp:attachment":[{"href":"https:\/\/cndl.org.br\/varejosa\/wp-json\/wp\/v2\/media?parent=30672"}],"wp:term":[{"taxonomy":"category","embeddable":true,"href":"https:\/\/cndl.org.br\/varejosa\/wp-json\/wp\/v2\/categories?post=30672"},{"taxonomy":"post_tag","embeddable":true,"href":"https:\/\/cndl.org.br\/varejosa\/wp-json\/wp\/v2\/tags?post=30672"}],"curies":[{"name":"wp","href":"https:\/\/api.w.org\/{rel}","templated":true}]}}