{"id":30714,"date":"2026-03-04T16:00:06","date_gmt":"2026-03-04T19:00:06","guid":{"rendered":"https:\/\/cndl.org.br\/varejosa\/?p=30714"},"modified":"2026-03-02T13:15:34","modified_gmt":"2026-03-02T16:15:34","slug":"shopping-centers-iniciam-o-ano-com-alta-de-3-no-fluxo-de-consumidores-aponta-ipv","status":"publish","type":"post","link":"https:\/\/cndl.org.br\/varejosa\/shopping-centers-iniciam-o-ano-com-alta-de-3-no-fluxo-de-consumidores-aponta-ipv\/","title":{"rendered":"Shopping centers iniciam o ano com alta de 3% no fluxo de consumidores, aponta IPV"},"content":{"rendered":"<p>O <a href=\"https:\/\/cndl.org.br\/varejosa\/\" target=\"_blank\" rel=\"noopener\">varejo<\/a> f\u00edsico brasileiro inicia 2026 com sinais de resili\u00eancia e ajustes naturais ap\u00f3s a sazonalidade de fim de ano. De acordo com o \u00cdndice de Performance do Varejo (IPV), organizado pela HiPartners Capital &amp; Work, o fluxo de visitas em shopping centers registrou crescimento de 3% em janeiro de 2026 na compara\u00e7\u00e3o com janeiro de 2025.<\/p>\n<p>No consolidado de lojas f\u00edsicas, o fluxo apresentou alta de 1% no mesmo comparativo anual, indicando estabilidade e manuten\u00e7\u00e3o da base de consumidores. J\u00e1 as lojas situadas em rua registraram retra\u00e7\u00e3o de 17% em fluxo, al\u00e9m de queda de 2% tanto em vendas (cupons) quanto em faturamento, movimento que refor\u00e7a a diferen\u00e7a de din\u00e2mica entre formatos e regi\u00f5es.<\/p>\n<p><a href=\"https:\/\/whatsapp.com\/channel\/0029VaNapMd0LKZ5yE4wsS1M\" target=\"_blank\" rel=\"noopener\"><img loading=\"lazy\" decoding=\"async\" class=\"aligncenter size-full wp-image-30457\" src=\"https:\/\/cndl.org.br\/varejosa\/wp-content\/uploads\/2026\/01\/Banner.jpg\" alt=\"\" width=\"970\" height=\"160\" srcset=\"https:\/\/cndl.org.br\/varejosa\/wp-content\/uploads\/2026\/01\/Banner.jpg 970w, https:\/\/cndl.org.br\/varejosa\/wp-content\/uploads\/2026\/01\/Banner-300x49.jpg 300w, https:\/\/cndl.org.br\/varejosa\/wp-content\/uploads\/2026\/01\/Banner-768x127.jpg 768w\" sizes=\"auto, (max-width: 970px) 100vw, 970px\" \/><\/a><\/p>\n<p><strong>Destaques regionais<\/strong><\/p>\n<p>O recorte regional refor\u00e7a a heterogeneidade do varejo brasileiro, com din\u00e2micas distintas entre os mercados. A regi\u00e3o Norte se destaca de forma consistente, registrando crescimento expressivo de 110% no fluxo acumulado em 12 meses e avan\u00e7o de 10% no faturamento, sinalizando expans\u00e3o de atividade e maior intensidade de consumo.<\/p>\n<p>O Centro-Oeste tamb\u00e9m apresentou evolu\u00e7\u00e3o s\u00f3lida, com alta de 3% no volume financeiro, demonstrando um ambiente regional favor\u00e1vel e maior estabilidade operacional.<\/p>\n<p>Sul e Nordeste mantiveram patamares pr\u00f3ximos \u00e0 estabilidade, enquanto o Sudeste registrou leve retra\u00e7\u00e3o de 1% no faturamento, movimento que sugere acomoda\u00e7\u00e3o ap\u00f3s per\u00edodos mais fortes, mas ainda dentro de um cen\u00e1rio de ajuste controlado, sem sinais de deteriora\u00e7\u00e3o estrutural da demanda.<\/p>\n<p><strong>Segmentos e comportamento de consumo<\/strong><\/p>\n<p>A an\u00e1lise por segmentos refor\u00e7a a resili\u00eancia de categorias essenciais e de conveni\u00eancia. O setor farmac\u00eautico, de perfumaria e cosm\u00e9ticos mant\u00e9m protagonismo, com alta de 110% no fluxo em rela\u00e7\u00e3o a janeiro do ano anterior, enquanto m\u00f3veis e eletrodom\u00e9sticos e outros artigos de uso pessoal e dom\u00e9stico tamb\u00e9m seguem contribuindo com altas de 8% e 12%, respectivamente.<\/p>\n<p>O volume de cupons no acumulado nacional ainda apresenta retra\u00e7\u00e3o (-1%), influenciado principalmente por mercados mais maduros, mas regi\u00f5es como Norte (+6%) e Nordeste (+1%) mostram sinais de recomposi\u00e7\u00e3o gradual da atividade transacional.<\/p>\n<p>Para Fl\u00e1via Pini, s\u00f3cia da HiPartners, os dados de janeiro mostram um varejo f\u00edsico mais seletivo, mas estruturalmente mais preparado. \u201cO crescimento em shopping centers e o desempenho expressivo em regi\u00f5es como o Norte indicam que, quando h\u00e1 estrat\u00e9gia e gest\u00e3o baseada em dados, o resultado aparece. Temos observado que varejistas que investem em tecnologia, seja para intelig\u00eancia de sortimento, precifica\u00e7\u00e3o din\u00e2mica, personaliza\u00e7\u00e3o da jornada ou efici\u00eancia operacional, conseguem proteger margens e sustentar fluxo mesmo em meses de ajuste sazonal. A digitaliza\u00e7\u00e3o do ponto de venda deixou de ser diferencial e passou a ser infraestrutura b\u00e1sica de competitividade\u201d, afirma.<\/p>\n","protected":false},"excerpt":{"rendered":"<p>Com avan\u00e7o consolidado em rela\u00e7\u00e3o ao ano anterior, o varejo f\u00edsico mostra resili\u00eancia no in\u00edcio de 2026<\/p>\n","protected":false},"author":8,"featured_media":25381,"comment_status":"closed","ping_status":"closed","sticky":false,"template":"","format":"standard","meta":{"footnotes":""},"categories":[2277],"tags":[1953],"class_list":["post-30714","post","type-post","status-publish","format-standard","has-post-thumbnail","hentry","category-pesquisa","tag-shopping-centers"],"_links":{"self":[{"href":"https:\/\/cndl.org.br\/varejosa\/wp-json\/wp\/v2\/posts\/30714","targetHints":{"allow":["GET"]}}],"collection":[{"href":"https:\/\/cndl.org.br\/varejosa\/wp-json\/wp\/v2\/posts"}],"about":[{"href":"https:\/\/cndl.org.br\/varejosa\/wp-json\/wp\/v2\/types\/post"}],"author":[{"embeddable":true,"href":"https:\/\/cndl.org.br\/varejosa\/wp-json\/wp\/v2\/users\/8"}],"replies":[{"embeddable":true,"href":"https:\/\/cndl.org.br\/varejosa\/wp-json\/wp\/v2\/comments?post=30714"}],"version-history":[{"count":0,"href":"https:\/\/cndl.org.br\/varejosa\/wp-json\/wp\/v2\/posts\/30714\/revisions"}],"wp:featuredmedia":[{"embeddable":true,"href":"https:\/\/cndl.org.br\/varejosa\/wp-json\/wp\/v2\/media\/25381"}],"wp:attachment":[{"href":"https:\/\/cndl.org.br\/varejosa\/wp-json\/wp\/v2\/media?parent=30714"}],"wp:term":[{"taxonomy":"category","embeddable":true,"href":"https:\/\/cndl.org.br\/varejosa\/wp-json\/wp\/v2\/categories?post=30714"},{"taxonomy":"post_tag","embeddable":true,"href":"https:\/\/cndl.org.br\/varejosa\/wp-json\/wp\/v2\/tags?post=30714"}],"curies":[{"name":"wp","href":"https:\/\/api.w.org\/{rel}","templated":true}]}}