{"id":30825,"date":"2026-03-12T15:49:01","date_gmt":"2026-03-12T18:49:01","guid":{"rendered":"https:\/\/cndl.org.br\/varejosa\/?p=30825"},"modified":"2026-03-11T16:08:04","modified_gmt":"2026-03-11T19:08:04","slug":"semana-do-consumidor-como-transformar-descontos-em-decisoes-financeiras-mais-inteligentes","status":"publish","type":"post","link":"https:\/\/cndl.org.br\/varejosa\/semana-do-consumidor-como-transformar-descontos-em-decisoes-financeiras-mais-inteligentes\/","title":{"rendered":"Semana do Consumidor: como transformar descontos em decis\u00f5es financeiras mais inteligentes"},"content":{"rendered":"<p>A Semana do Consumidor j\u00e1 se consolidou como um dos principais momentos do <a href=\"https:\/\/cndl.org.br\/varejosa\/\" target=\"_blank\" rel=\"noopener\">varejo<\/a> no primeiro semestre. Para quem compra, ela representa uma combina\u00e7\u00e3o de descontos, condi\u00e7\u00f5es facilitadas e maior variedade de ofertas. Para al\u00e9m do est\u00edmulo ao consumo, a data tamb\u00e9m funciona como um convite \u00e0 decis\u00e3o consciente: comprar melhor.<\/p>\n<p>Nos \u00faltimos anos, a rela\u00e7\u00e3o do brasileiro com as promo\u00e7\u00f5es deixou de ser apenas sobre o menor pre\u00e7o. Hoje, o <a href=\"https:\/\/site.cndl.org.br\/\" target=\"_blank\" rel=\"noopener\">consumidor<\/a> avalia a conveni\u00eancia total: o desconto s\u00f3 faz sentido se vier acompanhado de um frete competitivo, prazo de entrega \u00e1gil e, fundamentalmente, condi\u00e7\u00f5es de parcelamento que caibam no bolso.<\/p>\n<p>\u201cA Semana do Consumidor \u00e9 uma janela de oportunidades para realizar aquelas compras planejadas com economia e melhores condi\u00e7\u00f5es de pagamento. O ponto central n\u00e3o \u00e9 evitar o consumo, mas fazer com que ele esteja alinhado \u00e0 realidade financeira e necessidades priorit\u00e1rias de cada pessoa\u201d, afirma Rafael Rapp, Diretor de Varejo da Dotz, ecossistema digital que integra fidelidade e solu\u00e7\u00f5es de cr\u00e9dito.<\/p>\n<p>A partir disso, Rafael Rapp re\u00fane cinco dicas para aproveitar a Semana do Consumidor com planejamento e equil\u00edbrio.<\/p>\n<p><strong>Diferenciar desejo imediato de necessidade planejada<\/strong><\/p>\n<p>A data \u00e9 especialmente vantajosa quando o consumidor j\u00e1 tinha a inten\u00e7\u00e3o de compra. Antecipar uma aquisi\u00e7\u00e3o necess\u00e1ria, aproveitando condi\u00e7\u00f5es melhores, pode gerar ganho real. J\u00e1 decis\u00f5es totalmente impulsivas tendem a reduzir a efici\u00eancia do desconto e podem gerar um desequil\u00edbrio financeiro por um longo per\u00edodo.<\/p>\n<p><strong>Definir o or\u00e7amento antes de pesquisar<\/strong><\/p>\n<p>Estabelecer previamente quanto se pode gastar ajuda a filtrar ofertas e evita que condi\u00e7\u00f5es atrativas ampliem o valor final da compra. Essa etapa simples transforma a promo\u00e7\u00e3o em ferramenta de planejamento, e n\u00e3o de desorganiza\u00e7\u00e3o financeira.<\/p>\n<p><strong>Avaliar o benef\u00edcio al\u00e9m do pre\u00e7o<\/strong><\/p>\n<p>Descontos indiretos, como cashback e frete gr\u00e1tis, e programas de fidelidade podem ampliar o poder de compra e ser uma melhor alternativa em compara\u00e7\u00e3o ao menor pre\u00e7o nominal. Vale verificar os benef\u00edcios oferecidos pelos programas de fidelidade que o consumidor j\u00e1 participa, calcular o custo final da compra em diferentes canais antes da tomada de decis\u00e3o. \u201cMuitas vezes, a melhor decis\u00e3o n\u00e3o \u00e9 a de menor pre\u00e7o nominal, mas aquela que entrega mais valor em rela\u00e7\u00e3o ao pre\u00e7o pago\u201d, explica Rapp.<\/p>\n<p><strong>Usar o parcelamento como instrumento de previsibilidade<\/strong><\/p>\n<p>Parcelar pode ser uma estrat\u00e9gia eficiente quando a parcela cabe com conforto no or\u00e7amento e n\u00e3o compromete outras despesas fixas. O importante \u00e9 enxergar o parcelamento como planejamento financeiro, e n\u00e3o apenas como facilidade de pagamento.<\/p>\n<p><strong>Pensar na compra como parte do or\u00e7amento do m\u00eas<\/strong><\/p>\n<p>A decis\u00e3o n\u00e3o deve ser isolada. Ela precisa dialogar com outras despesas, compromissos e metas financeiras. Quando a compra est\u00e1 inserida nesse contexto mais amplo, a chance de arrependimento diminui significativamente.<\/p>\n<p>Ao final, a l\u00f3gica \u00e9 simples: promo\u00e7\u00f5es podem ser aliadas quando combinadas com estrat\u00e9gia. Em um cen\u00e1rio em que o or\u00e7amento exige cada vez mais organiza\u00e7\u00e3o, datas comerciais como a Semana do Consumidor deixam de ser apenas eventos de varejo e passam a ser momentos de decis\u00e3o.<\/p>\n","protected":false},"excerpt":{"rendered":"<p>Especialista da Dotz aponta estrat\u00e9gias para aproveitar a data de forma planejada, equilibrando oportunidade e controle do or\u00e7amento<\/p>\n","protected":false},"author":8,"featured_media":30837,"comment_status":"closed","ping_status":"closed","sticky":false,"template":"","format":"standard","meta":{"footnotes":""},"categories":[101],"tags":[5587,5948],"class_list":["post-30825","post","type-post","status-publish","format-standard","has-post-thumbnail","hentry","category-tendencias","tag-mes-do-consumidor","tag-semana-do-consumidor"],"_links":{"self":[{"href":"https:\/\/cndl.org.br\/varejosa\/wp-json\/wp\/v2\/posts\/30825","targetHints":{"allow":["GET"]}}],"collection":[{"href":"https:\/\/cndl.org.br\/varejosa\/wp-json\/wp\/v2\/posts"}],"about":[{"href":"https:\/\/cndl.org.br\/varejosa\/wp-json\/wp\/v2\/types\/post"}],"author":[{"embeddable":true,"href":"https:\/\/cndl.org.br\/varejosa\/wp-json\/wp\/v2\/users\/8"}],"replies":[{"embeddable":true,"href":"https:\/\/cndl.org.br\/varejosa\/wp-json\/wp\/v2\/comments?post=30825"}],"version-history":[{"count":0,"href":"https:\/\/cndl.org.br\/varejosa\/wp-json\/wp\/v2\/posts\/30825\/revisions"}],"wp:featuredmedia":[{"embeddable":true,"href":"https:\/\/cndl.org.br\/varejosa\/wp-json\/wp\/v2\/media\/30837"}],"wp:attachment":[{"href":"https:\/\/cndl.org.br\/varejosa\/wp-json\/wp\/v2\/media?parent=30825"}],"wp:term":[{"taxonomy":"category","embeddable":true,"href":"https:\/\/cndl.org.br\/varejosa\/wp-json\/wp\/v2\/categories?post=30825"},{"taxonomy":"post_tag","embeddable":true,"href":"https:\/\/cndl.org.br\/varejosa\/wp-json\/wp\/v2\/tags?post=30825"}],"curies":[{"name":"wp","href":"https:\/\/api.w.org\/{rel}","templated":true}]}}