{"id":31206,"date":"2026-04-28T06:00:23","date_gmt":"2026-04-28T09:00:23","guid":{"rendered":"https:\/\/cndl.org.br\/varejosa\/?p=31206"},"modified":"2026-04-27T12:46:29","modified_gmt":"2026-04-27T15:46:29","slug":"o-diabo-veste-prada-2-reacende-debate-sobre-consumo-e-influencia-no-varejo","status":"publish","type":"post","link":"https:\/\/cndl.org.br\/varejosa\/o-diabo-veste-prada-2-reacende-debate-sobre-consumo-e-influencia-no-varejo\/","title":{"rendered":"O Diabo Veste Prada 2 reacende debate sobre consumo e influ\u00eancia no varejo"},"content":{"rendered":"<p>Quase 20 anos depois do sucesso de O Diabo Veste Prada, a hist\u00f3ria ganha um novo cap\u00edtulo e n\u00e3o poderia chegar em momento mais simb\u00f3lico. Com pr\u00e9-estreias j\u00e1 realizadas e <a href=\"https:\/\/www.20thcenturystudios.com\/\" target=\"_blank\" rel=\"noopener\">lan\u00e7amento<\/a> marcado para os pr\u00f3ximos dias, O Diabo Veste Prada 2 recoloca em pauta um tema que segue central para o varejo: &#8220;afinal, quem constr\u00f3i o consumo?&#8221;<\/p>\n<p>O timing n\u00e3o \u00e9 por acaso. Hoje, o ambiente em que decis\u00f5es de compra acontecem \u00e9 radicalmente diferente. Dados da CNDL e do SPC Brasil mostram que cerca de <a href=\"https:\/\/cndl.org.br\/varejosa\/71-dos-consumidores-compram-online-mensalmente-aponta-pesquisa-cndl-spc-brasil\/\" target=\"_blank\" rel=\"noopener\">73% dos brasileiros<\/a> j\u00e1 realizaram compras online no \u00faltimo ano, enquanto o e-commerce movimenta centenas de bilh\u00f5es de reais anualmente no pa\u00eds. O consumo n\u00e3o apenas migrou, ele se consolidou no digital.<\/p>\n<p>Se o primeiro filme expunha os bastidores da ind\u00fastria da moda e o poder concentrado em figuras como a ic\u00f4nica Miranda Priestly, agora o contexto \u00e9 outro. Mais digital, mais fragmentado e significativamente mais veloz.<\/p>\n<p>Mas nem tudo mudou.<\/p>\n<p><strong>O consumo mudou. O mecanismo nem tanto<\/strong><\/p>\n<p>A cl\u00e1ssica explica\u00e7\u00e3o do \u201csu\u00e9ter azul cer\u00faleo\u201d continua sendo uma das formas mais did\u00e1ticas de entender o consumo moderno: aquilo que chega ao p\u00fablico final \u00e9 resultado de uma cadeia de decis\u00f5es invis\u00edveis. No passado, essa cadeia era dominada por estilistas, revistas e grandes marcas. Hoje, ela se reorganizou, mas n\u00e3o desapareceu. Assim, entram em cena:<\/p>\n<ul>\n<li>plataformas digitais<\/li>\n<li>algoritmos de recomenda\u00e7\u00e3o<\/li>\n<li>criadores de conte\u00fado<\/li>\n<li>sistemas baseados em intelig\u00eancia artificial<\/li>\n<\/ul>\n<p>O princ\u00edpio, no entanto, permanece de que o consumo n\u00e3o \u00e9 espont\u00e2neo. Ele \u00e9 constru\u00eddo.<\/p>\n<p>E a sequ\u00eancia do longa chega justamente em um momento em que o poder de curadoria mudou de m\u00e3os.\u00a0 Levantamentos de mercado indicam que mais de 70% dos consumidores brasileiros j\u00e1 compraram produtos influenciados por conte\u00fados nas redes sociais, enquanto cerca de 65% utilizam essas plataformas como parte do processo de compra, aponta o relat\u00f3rio do varejo da Adyen.<\/p>\n<p>Se antes capas de revista tinham for\u00e7a para ditar tend\u00eancias, hoje esse papel \u00e9 disputado em tempo real por v\u00eddeos curtos, avalia\u00e7\u00f5es online e mecanismos de busca. Na pr\u00e1tica, isso significa que h\u00e1\u00a0menor previsibilidade, os ciclos de tend\u00eancia est\u00e3o mais curtos e existe uma necessidade de resposta quase imediata por parte do varejo.<\/p>\n<p>Ou seja, um produto pode sair do anonimato para o esgotamento em quest\u00e3o de horas, impulsionado por um \u00fanico conte\u00fado viral.<\/p>\n<p><strong>A nova disputa: aten\u00e7\u00e3o, n\u00e3o s\u00f3 produto<\/strong><\/p>\n<p>O ambiente atual tamb\u00e9m amplia a concorr\u00eancia. Marcas n\u00e3o disputam apenas pre\u00e7o ou qualidade, mas espa\u00e7o dentro de um fluxo constante de informa\u00e7\u00e3o.<\/p>\n<p>A visibilidade deixou de ser consequ\u00eancia da presen\u00e7a f\u00edsica e passou a depender da capacidade de aparecer, e permanecer, relevante nos ambientes digitais.<\/p>\n<p>No Brasil, por exemplo, esse movimento ajuda a explicar por que milh\u00f5es de criadores de conte\u00fado ativos e um mercado de influ\u00eancia que movimenta bilh\u00f5es de reais por ano. O que antes era concentrado em poucas revistas, como retratado no filme original, hoje se distribui em uma rede extensa e altamente competitiva.<\/p>\n<p>Marketplaces, redes sociais e buscadores se tornam vitrines din\u00e2micas, onde a l\u00f3gica de exposi\u00e7\u00e3o muda continuamente. No filme original, a protagonista enfrenta o desafio de se adequar a um ambiente altamente exigente. No varejo, o paralelo \u00e9 direto, no qual acompanhar tend\u00eancias \u00e9 necess\u00e1rio, mas segui-las sem crit\u00e9rio pode diluir identidade.<\/p>\n<p><strong>Por que isso importa agora<\/strong><\/p>\n<p>Mais do que revisitar um cl\u00e1ssico, O Diabo Veste Prada 2 chega em um momento em que a pr\u00f3pria ind\u00fastria que inspirou a hist\u00f3ria passa por transforma\u00e7\u00f5es profundas, especialmente com a migra\u00e7\u00e3o definitiva do editorial para o digital.<\/p>\n<p>A discuss\u00e3o, portanto, vai al\u00e9m da moda.<\/p>\n<p>Ela ajuda a entender como decis\u00f5es de consumo continuam sendo influenciadas em escala, agora mediadas por tecnologia, dados e novos formadores de opini\u00e3o.\u00a0Se h\u00e1 algo que permanece inalterado desde 2006, \u00e9 a l\u00f3gica central: quem entende como o desejo \u00e9 constru\u00eddo sai na frente.<\/p>\n","protected":false},"excerpt":{"rendered":"<p>Sequ\u00eancia do cl\u00e1ssico da moda chega aos cinemas em meio \u00e0 disputa por aten\u00e7\u00e3o no ambiente digital e refor\u00e7a como o desejo continua sendo constru\u00eddo, agora por novos intermedi\u00e1rios<\/p>\n","protected":false},"author":33,"featured_media":31207,"comment_status":"closed","ping_status":"closed","sticky":false,"template":"","format":"standard","meta":{"footnotes":""},"categories":[70,101],"tags":[5989],"class_list":["post-31206","post","type-post","status-publish","format-standard","has-post-thumbnail","hentry","category-destaque","category-tendencias","tag-diabo-veste-prada-2"],"_links":{"self":[{"href":"https:\/\/cndl.org.br\/varejosa\/wp-json\/wp\/v2\/posts\/31206","targetHints":{"allow":["GET"]}}],"collection":[{"href":"https:\/\/cndl.org.br\/varejosa\/wp-json\/wp\/v2\/posts"}],"about":[{"href":"https:\/\/cndl.org.br\/varejosa\/wp-json\/wp\/v2\/types\/post"}],"author":[{"embeddable":true,"href":"https:\/\/cndl.org.br\/varejosa\/wp-json\/wp\/v2\/users\/33"}],"replies":[{"embeddable":true,"href":"https:\/\/cndl.org.br\/varejosa\/wp-json\/wp\/v2\/comments?post=31206"}],"version-history":[{"count":0,"href":"https:\/\/cndl.org.br\/varejosa\/wp-json\/wp\/v2\/posts\/31206\/revisions"}],"wp:featuredmedia":[{"embeddable":true,"href":"https:\/\/cndl.org.br\/varejosa\/wp-json\/wp\/v2\/media\/31207"}],"wp:attachment":[{"href":"https:\/\/cndl.org.br\/varejosa\/wp-json\/wp\/v2\/media?parent=31206"}],"wp:term":[{"taxonomy":"category","embeddable":true,"href":"https:\/\/cndl.org.br\/varejosa\/wp-json\/wp\/v2\/categories?post=31206"},{"taxonomy":"post_tag","embeddable":true,"href":"https:\/\/cndl.org.br\/varejosa\/wp-json\/wp\/v2\/tags?post=31206"}],"curies":[{"name":"wp","href":"https:\/\/api.w.org\/{rel}","templated":true}]}}