{"id":31221,"date":"2026-04-28T15:33:28","date_gmt":"2026-04-28T18:33:28","guid":{"rendered":"https:\/\/cndl.org.br\/varejosa\/?p=31221"},"modified":"2026-04-29T09:01:31","modified_gmt":"2026-04-29T12:01:31","slug":"varejistas-ja-podem-se-cadastrar-para-o-dia-livre-de-impostos-2026","status":"publish","type":"post","link":"https:\/\/cndl.org.br\/varejosa\/varejistas-ja-podem-se-cadastrar-para-o-dia-livre-de-impostos-2026\/","title":{"rendered":"Lojistas j\u00e1 podem se cadastrar para o Dia Livre de Impostos 2026"},"content":{"rendered":"<p>Est\u00e3o abertas as ades\u00f5es para a 20\u00aa edi\u00e7\u00e3o do Dia Livre de Impostos (DLI), a maior campanha nacional de conscientiza\u00e7\u00e3o sobre a alta carga tribut\u00e1ria brasileira. No pr\u00f3ximo dia 28 de maio, <a href=\"https:\/\/cndl.org.br\/varejosa\/\" target=\"_blank\" rel=\"noopener\">lojistas<\/a> de todo o pa\u00eds comercializar\u00e3o produtos e servi\u00e7os sem repassar o valor dos tributos aos consumidores, tornando vis\u00edvel o impacto dos impostos no poder de compra do cidad\u00e3o.<\/p>\n<p>Para participar, os varejistas interessados devem realizar o cadastro de seus estabelecimentos de forma gratuita atrav\u00e9s do portal oficial: <a href=\"https:\/\/dialivredeimpostos.org.br\" target=\"_blank\" rel=\"noopener\">https:\/\/dialivredeimpostos.org.br<\/a>.<\/p>\n<p>A iniciativa, realizada pela Confedera\u00e7\u00e3o Nacional de Dirigentes Lojistas (CNDL) e pela CDL Jovem, re\u00fane anualmente milhares de empresas, desde lojas de rua e shopping centers at\u00e9 postos de gasolina e prestadores de servi\u00e7os.<\/p>\n<p><strong>Por que participar?<\/strong><\/p>\n<p>Al\u00e9m de integrar um movimento c\u00edvico de grande relev\u00e2ncia nacional, os lojistas que aderem ao DLI encontram benef\u00edcios estrat\u00e9gicos para seus neg\u00f3cios, como o aumento de Vendas, j\u00e1 que a a\u00e7\u00e3o atrai milh\u00f5es de consumidores em busca de pre\u00e7os justos, gerando um pico de demanda em diversos setores.<\/p>\n<p>Al\u00e9m disso, a campanha conta com ampla cobertura medi\u00e1tica e mobiliza\u00e7\u00e3o em todos os estados brasileiros e no Distrito Federal. No ano passado, a a\u00e7\u00e3o contou com a participa\u00e7\u00e3o de mais de 50 mil lojas de todo o pa\u00eds.<\/p>\n<p><strong>Educa\u00e7\u00e3o e Cidadania<\/strong><\/p>\n<p>O coordenador nacional da CDL Jovem, Raphael Paganini, ressalta que o DLI \u00e9, acima de tudo, uma a\u00e7\u00e3o did\u00e1tica. &#8220;Nossa inten\u00e7\u00e3o \u00e9 mostrar para a popula\u00e7\u00e3o como as taxas s\u00e3o abusivas e atrapalham o ambiente de neg\u00f3cios e o desenvolvimento das empresas&#8221;. No Brasil, o cidad\u00e3o trabalha, em m\u00e9dia, 5 meses por ano apenas para pagar impostos.<\/p>\n<p>Durante o evento, os descontos podem chegar a 70% do valor final, dependendo da categoria do produto, refletindo exatamente a parcela que seria destinada aos impostos cobrados.<\/p>\n<p><strong>Dia Livre de Impostos (DLI) 2026<\/strong><\/p>\n<ul>\n<li>Data: 28 de maio de 2026<\/li>\n<li>Inscri\u00e7\u00f5es para lojistas: Gratuitas, pelo site: https:\/\/dialivredeimpostos.org.br<\/li>\n<\/ul>\n<p style=\"text-align: right;\">Informa\u00e7\u00f5es \u00e0 Imprensa:<br \/>\nMarina Barbosa (61) 98340-0257 | imprensa@cndl.org.br<\/p>\n","protected":false},"excerpt":{"rendered":"<p>Inscri\u00e7\u00f5es s\u00e3o gratuitas e devem ser realizadas pelo site oficial da campanha, que acontece em 28 de maio<\/p>\n","protected":false},"author":10,"featured_media":26082,"comment_status":"closed","ping_status":"closed","sticky":false,"template":"","format":"standard","meta":{"footnotes":""},"categories":[70,26],"tags":[1296,5990,1300,5991],"class_list":["post-31221","post","type-post","status-publish","format-standard","has-post-thumbnail","hentry","category-destaque","category-negocios-e-economia","tag-dia-livre-de-impostos","tag-dia-livre-de-impostos-2026","tag-dli","tag-dli-2026"],"_links":{"self":[{"href":"https:\/\/cndl.org.br\/varejosa\/wp-json\/wp\/v2\/posts\/31221","targetHints":{"allow":["GET"]}}],"collection":[{"href":"https:\/\/cndl.org.br\/varejosa\/wp-json\/wp\/v2\/posts"}],"about":[{"href":"https:\/\/cndl.org.br\/varejosa\/wp-json\/wp\/v2\/types\/post"}],"author":[{"embeddable":true,"href":"https:\/\/cndl.org.br\/varejosa\/wp-json\/wp\/v2\/users\/10"}],"replies":[{"embeddable":true,"href":"https:\/\/cndl.org.br\/varejosa\/wp-json\/wp\/v2\/comments?post=31221"}],"version-history":[{"count":0,"href":"https:\/\/cndl.org.br\/varejosa\/wp-json\/wp\/v2\/posts\/31221\/revisions"}],"wp:featuredmedia":[{"embeddable":true,"href":"https:\/\/cndl.org.br\/varejosa\/wp-json\/wp\/v2\/media\/26082"}],"wp:attachment":[{"href":"https:\/\/cndl.org.br\/varejosa\/wp-json\/wp\/v2\/media?parent=31221"}],"wp:term":[{"taxonomy":"category","embeddable":true,"href":"https:\/\/cndl.org.br\/varejosa\/wp-json\/wp\/v2\/categories?post=31221"},{"taxonomy":"post_tag","embeddable":true,"href":"https:\/\/cndl.org.br\/varejosa\/wp-json\/wp\/v2\/tags?post=31221"}],"curies":[{"name":"wp","href":"https:\/\/api.w.org\/{rel}","templated":true}]}}