{"id":31767,"date":"2026-09-01T11:06:04","date_gmt":"2026-09-01T14:06:04","guid":{"rendered":"https:\/\/cndl.org.br\/varejosa\/?p=31767"},"modified":"2026-08-10T15:25:29","modified_gmt":"2026-08-10T18:25:29","slug":"novo-iogurte-triplo-zero-aposta-no-equilibrio-entre-sabor-e-funcionalidade","status":"publish","type":"post","link":"https:\/\/cndl.org.br\/varejosa\/novo-iogurte-triplo-zero-aposta-no-equilibrio-entre-sabor-e-funcionalidade\/","title":{"rendered":"Novo iogurte triplo zero aposta no equil\u00edbrio entre sabor e funcionalidade"},"content":{"rendered":"<p>A palavra \u201czero\u201d ganhou espa\u00e7o nas embalagens de alimentos, mas nem sempre uma lista de benef\u00edcios nutricionais se traduz em uma experi\u00eancia agrad\u00e1vel. Em iogurtes, especialmente, reduzir gorduras e retirar a adi\u00e7\u00e3o de a\u00e7\u00facares pode interferir na textura, no dul\u00e7or e na percep\u00e7\u00e3o do sabor.<\/p>\n<p>\u00c9 nesse territ\u00f3rio que chega o Activia Triplo Zero Frutas Vermelhas, lan\u00e7amento da Danone recebido para avalia\u00e7\u00e3o da <a href=\"https:\/\/cndl.org.br\/varejosa\/editorial\/editoriais\/vitrine-varejo\/\" target=\"_blank\" rel=\"noopener\">Vitrine Varejo<\/a>. Vendido em garrafa de 800 gramas, o produto combina tr\u00eas atributos destacados no r\u00f3tulo: zero adi\u00e7\u00e3o de a\u00e7\u00facares, zero gorduras totais e zero lactose. A f\u00f3rmula tamb\u00e9m cont\u00e9m fibras e o probi\u00f3tico Bifidobacterium animalis lactis CNCM I-2494.<\/p>\n<p><strong>Sabor equilibrado evita o principal risco da categoria<\/strong><\/p>\n<p>No teste, o primeiro ponto positivo foi o equil\u00edbrio. O sabor de frutas vermelhas aparece de maneira percept\u00edvel, mas sem acidez exagerada ou dul\u00e7or excessivo. Tamb\u00e9m n\u00e3o encontramos aquele gosto residual muito intenso de ado\u00e7ante que costuma prejudicar alguns produtos sem adi\u00e7\u00e3o de a\u00e7\u00facares.<\/p>\n<p>O resultado \u00e9 frutado e f\u00e1cil de consumir. N\u00e3o tenta reproduzir uma sobremesa muito doce, mas tamb\u00e9m n\u00e3o entrega uma experi\u00eancia excessivamente neutra ou \u201cdiet\u00e9tica\u201d. Essa medida favorece o consumo no caf\u00e9 da manh\u00e3, nos lanches ou acompanhado de frutas e cereais.<\/p>\n<p>A combina\u00e7\u00e3o re\u00fane morango, framboesa e amora. Apesar da presen\u00e7a das polpas, o sabor n\u00e3o deve ser confundido com o de fruta fresca, j\u00e1 que continua sendo um produto industrializado, com aroma, corante natural carmim, espessantes, conservador e sucralose entre os ingredientes.<\/p>\n<p>Isso n\u00e3o representa necessariamente um problema, mas \u00e9 uma informa\u00e7\u00e3o relevante para quem procura produtos com listas mais curtas ou sem ado\u00e7antes.<\/p>\n<p><strong>O que significa o \u201ctriplo zero\u201d?<\/strong><\/p>\n<p>O destaque frontal exige alguma aten\u00e7\u00e3o. Zero adi\u00e7\u00e3o de a\u00e7\u00facares n\u00e3o \u00e9 o mesmo que aus\u00eancia completa de a\u00e7\u00facares. A pr\u00f3pria fabricante informa que o produto cont\u00e9m os a\u00e7\u00facares naturalmente presentes em seus ingredientes. A legisla\u00e7\u00e3o permite a alega\u00e7\u00e3o \u201csem adi\u00e7\u00e3o de a\u00e7\u00facares\u201d quando n\u00e3o s\u00e3o acrescentados a\u00e7\u00facares nem ingredientes utilizados para fornecer sabor doce por meio de seus a\u00e7\u00facares naturais.<\/p>\n<p>Para alcan\u00e7ar o dul\u00e7or, a f\u00f3rmula utiliza sucralose. J\u00e1 a indica\u00e7\u00e3o zero lactose \u00e9 obtida com a presen\u00e7a da enzima lactase. Pelas regras da Anvisa, alimentos classificados como zero lactose devem apresentar quantidade inferior a 100 miligramas por 100 gramas ou mililitros. O produto continua contendo leite e n\u00e3o \u00e9 indicado para pessoas al\u00e9rgicas \u00e0s prote\u00ednas l\u00e1cteas.<\/p>\n<p>Outro componente \u00e9 a inulina, fibra alimentar frequentemente utilizada para complementar formula\u00e7\u00f5es e ajudar na consist\u00eancia. O lan\u00e7amento tamb\u00e9m carrega a proposta funcional associada aos probi\u00f3ticos. Ainda assim, uma degusta\u00e7\u00e3o n\u00e3o permite comprovar efeitos sobre a microbiota ou eventuais redu\u00e7\u00f5es de desconfortos gastrointestinais, que dependem de consumo regular, alimenta\u00e7\u00e3o e caracter\u00edsticas individuais.<\/p>\n<p><strong>Garrafa favorece o consumo dom\u00e9stico<\/strong><\/p>\n<p>A embalagem de 800 gramas funciona bem para fam\u00edlias ou consumidores que tomam iogurte com frequ\u00eancia. Permite controlar a quantidade servida e gera menos unidades individuais na geladeira.<\/p>\n<p>Por outro lado, o formato \u00e9 menos pr\u00e1tico para levar ao trabalho ou consumir fora de casa. Depois de aberto, tamb\u00e9m exige refrigera\u00e7\u00e3o e algum planejamento para que todo o conte\u00fado seja utilizado.<\/p>\n<p>Para o varejo, o lan\u00e7amento ocupa uma faixa cada vez mais disputada da g\u00f4ndola refrigerada: produtos que tentam reunir sabor, conveni\u00eancia e atributos nutricionais em uma \u00fanica embalagem. A identifica\u00e7\u00e3o visual do \u201ctriplo zero\u201d facilita a leitura, mas o consumidor ainda precisa observar a diferen\u00e7a entre aus\u00eancia de a\u00e7\u00facar e aus\u00eancia de adi\u00e7\u00e3o de a\u00e7\u00facar.<\/p>\n<p><strong>Veredito Vitrine Varejo<\/strong><\/p>\n<p>O Activia Triplo Zero Frutas Vermelhas cumpre bem seu principal desafio sensorial. \u00c9 equilibrado, frutado e n\u00e3o deixa o ado\u00e7ante dominar a experi\u00eancia. Os tr\u00eas \u201czeros\u201d ampliam as possibilidades de consumo, sobretudo para quem evita lactose ou busca produtos sem adi\u00e7\u00e3o de a\u00e7\u00facares e gorduras. Isso, por\u00e9m, n\u00e3o transforma automaticamente o iogurte em uma alternativa natural ou de composi\u00e7\u00e3o simples.<\/p>\n<p>Vale a experi\u00eancia? sim, principalmente pelo sabor equilibrado e pela praticidade para consumo em casa. O maior m\u00e9rito do lan\u00e7amento est\u00e1 em n\u00e3o permitir que sua proposta funcional fale mais alto do que o paladar.<\/p>\n","protected":false},"excerpt":{"rendered":"<p>Lan\u00e7amento da Activia re\u00fane zero adi\u00e7\u00e3o de a\u00e7\u00facares, zero lactose e zero gorduras<\/p>\n","protected":false},"author":33,"featured_media":31768,"comment_status":"closed","ping_status":"closed","sticky":false,"template":"","format":"standard","meta":{"footnotes":""},"categories":[5896],"tags":[6071,5967],"class_list":["post-31767","post","type-post","status-publish","format-standard","has-post-thumbnail","hentry","category-vitrine-varejo","tag-activia","tag-vitrine-varejo"],"_links":{"self":[{"href":"https:\/\/cndl.org.br\/varejosa\/wp-json\/wp\/v2\/posts\/31767","targetHints":{"allow":["GET"]}}],"collection":[{"href":"https:\/\/cndl.org.br\/varejosa\/wp-json\/wp\/v2\/posts"}],"about":[{"href":"https:\/\/cndl.org.br\/varejosa\/wp-json\/wp\/v2\/types\/post"}],"author":[{"embeddable":true,"href":"https:\/\/cndl.org.br\/varejosa\/wp-json\/wp\/v2\/users\/33"}],"replies":[{"embeddable":true,"href":"https:\/\/cndl.org.br\/varejosa\/wp-json\/wp\/v2\/comments?post=31767"}],"version-history":[{"count":0,"href":"https:\/\/cndl.org.br\/varejosa\/wp-json\/wp\/v2\/posts\/31767\/revisions"}],"wp:featuredmedia":[{"embeddable":true,"href":"https:\/\/cndl.org.br\/varejosa\/wp-json\/wp\/v2\/media\/31768"}],"wp:attachment":[{"href":"https:\/\/cndl.org.br\/varejosa\/wp-json\/wp\/v2\/media?parent=31767"}],"wp:term":[{"taxonomy":"category","embeddable":true,"href":"https:\/\/cndl.org.br\/varejosa\/wp-json\/wp\/v2\/categories?post=31767"},{"taxonomy":"post_tag","embeddable":true,"href":"https:\/\/cndl.org.br\/varejosa\/wp-json\/wp\/v2\/tags?post=31767"}],"curies":[{"name":"wp","href":"https:\/\/api.w.org\/{rel}","templated":true}]}}