{"id":386,"date":"2018-11-03T19:19:46","date_gmt":"2018-11-03T21:19:46","guid":{"rendered":"http:\/\/revistavarejosa.com.br\/novo\/?p=386"},"modified":"2024-03-07T20:24:50","modified_gmt":"2024-03-07T23:24:50","slug":"rakuten-expo-2018-reune-mais-de-seis-mil-pessoas","status":"publish","type":"post","link":"https:\/\/cndl.org.br\/varejosa\/rakuten-expo-2018-reune-mais-de-seis-mil-pessoas\/","title":{"rendered":"Rakuten Expo 2018 re\u00fane mais de seis mil pessoas"},"content":{"rendered":"\n<p>Mais de seis mil pessoas, 14 horas de conte\u00fado, duas mil\nempresas, 57 apoiadores e 29 patrocinadores. Os n\u00fameros evidenciam o sucesso da\nRakuten Expo 2018, evento realizado pela Rakuten Digital Commerce, em S\u00e3o\nPaulo, no dia 4 de outubro. O p\u00fablico foi formado essencialmente por\nprofissionais, tomadores de decis\u00e3o e influenciadores do mercado de <em>e-commerce<\/em>, varejo, tecnologia e <em>marketing<\/em>. <\/p>\n\n\n\n<p>Com conte\u00fado focado em novas solu\u00e7\u00f5es, tecnologias e\ntend\u00eancias do com\u00e9rcio eletr\u00f4nico, os 54 palestrantes subiram ao palco 360\u00b0.\nEntre os nomes, estava o economista Ricardo Amorim, que apresentou <em>insights<\/em> sobre o cen\u00e1rio econ\u00f4mico e\npol\u00edtico poucos dias antes do primeiro turno das elei\u00e7\u00f5es presidenciais. Outro\ndestaque foi o presidente do Google Brasil, F\u00e1bio Coelho. Em uma hora de\npalestra, o executivo comentou sobre a transforma\u00e7\u00e3o dos dados gerados em cada\nmilissegundo em nossa vida.<\/p>\n\n\n\n<p>Em sua fala, o CEO e presidente da Rakuten Brasil, Ren\u00e9 Abe,\nrefor\u00e7ou o compromisso da empresa de garantir a competitividade ao varejo e ao\nempreendedor brasileiro. \u201cN\u00e3o queremos apenas vender mensalidades de\nferramentas que n\u00e3o t\u00eam compromisso com o resultado dos clientes. N\u00f3s, da\nRakuten, temos o dever de ajudar o varejo e os empreendedores a ter n\u00e3o apenas\num <em>site<\/em> ou uma loja f\u00edsica, mas\ntamb\u00e9m acesso a recursos, para que todos tenham o poder de competir no\nmercado\u201d, afirmou, durante sua apresenta\u00e7\u00e3o.<\/p>\n\n\n\n<p>Tamb\u00e9m subiu ao palco do evento o presidente da Rakuten USA,\nYaz Iida, que debateu sobre o futuro do <em>e-commerce<\/em>\ne do ecossistema da companhia no Brasil e no mundo. Por fim, Robinson Shiba,\nfundador das redes China In Box e Gendai, encerrou a agenda de palestras,\nrevelando segredos da sua jornada de empreendedorismo. Voc\u00ea sabia que ele abriu\nm\u00e3o da carreira de dentista para se tornar propriet\u00e1rio da maior rede de <em>delivery<\/em> de comida chinesa da Am\u00e9rica\nLatina?<\/p>\n\n\n\n<p><strong>Omniwhere\u00ae<\/strong><\/p>\n\n\n\n<p>Durante o evento, o presidente e CEO da Rakuten Brasil\napresentou a mais nova solu\u00e7\u00e3o da Rakuten Digital Commerce: o Omniwhere\u00ae, que\noferece economia de escala de itens cr\u00edticos ao lojista brasileiro \u2013\npagamentos, log\u00edstica e omnicanalidade. Engloba economia de at\u00e9 50% em rela\u00e7\u00e3o\nao padr\u00e3o do mercado e oferece um sistema que traz uma solu\u00e7\u00e3o integrada de\nPDV, com ferramentas nativas de <em>on-line\nto off-line<\/em>, <em>off-line to on-line<\/em>\ne totalmente <em>on-line<\/em>.<\/p>\n\n\n\n<p>O grande diferencial do Omniwhere\u00ae \u00e9 sua capacidade <em>cross-border<\/em>. Essa funcionalidade\npermite aos varejistas vender produtos nos maiores <em>marketplaces<\/em> do mundo, o que oferece acesso \u00e0 revenda de itens de\nv\u00e1rios fabricantes globais, sem se preocupar com c\u00e2mbio, exporta\u00e7\u00e3o e outras\ncomplica\u00e7\u00f5es. A solu\u00e7\u00e3o n\u00e3o est\u00e1 cimentada em quaisquer ERPs, OMSs ou\nplataformas de <em>e-commerce<\/em>\nespec\u00edficas. Assim, pode ser utilizada em sua totalidade ou apenas as partes\nnecess\u00e1rias, respeitando o legado do lojista.<\/p>\n\n\n\n<p><strong>Musa do <em>pop<\/em><\/strong><\/p>\n\n\n\n<p>O encerramento da Rakuten Expo 2018 ficou por conta da\ncantora e compositora Anitta. A musa do <em>pop<\/em>\nfirmou-se na cena internacional n\u00e3o s\u00f3 pelos seus <em>hits<\/em> musicais, mas pela <em>performance<\/em>\ncomo empres\u00e1ria de sucesso. A artista j\u00e1 foi eleita \u201cCantora Revela\u00e7\u00e3o\u201d pelo\niTunes e pelos cr\u00edticos da Associa\u00e7\u00e3o Paulista de Cr\u00edticos de Artes (APCA). Tamb\u00e9m\nj\u00e1 realizou parcerias internacionais com nomes como J Balvin, Maluma e Iggy\nAzalea.<\/p>\n\n\n\n<ul class=\"wp-block-gallery columns-2 is-cropped wp-block-gallery-1 is-layout-flex wp-block-gallery-is-layout-flex\"><li class=\"blocks-gallery-item\"><figure><a href=\"http:\/\/revistavarejosa.com.br\/novo\/wp-content\/uploads\/2018\/11\/nov_Tendencias_RakutenRene\u2560\u00fc-Abe-President-and-CEO-of-Rakuten-Brasil.jpg\"><img decoding=\"async\" src=\"http:\/\/revistavarejosa.com.br\/novo\/wp-content\/uploads\/2018\/11\/nov_Tendencias_RakutenRene\u2560\u00fc-Abe-President-and-CEO-of-Rakuten-Brasil.jpg\" alt=\"\" data-id=\"387\" data-link=\"http:\/\/revistavarejosa.com.br\/novo\/?attachment_id=387\" class=\"wp-image-387\"\/><\/a><\/figure><\/li><li class=\"blocks-gallery-item\"><figure><a href=\"http:\/\/revistavarejosa.com.br\/novo\/wp-content\/uploads\/2018\/11\/nov_Tendencias_RakutenBrazil.jpg\"><img decoding=\"async\" src=\"http:\/\/revistavarejosa.com.br\/novo\/wp-content\/uploads\/2018\/11\/nov_Tendencias_RakutenBrazil.jpg\" alt=\"\" data-id=\"388\" data-link=\"http:\/\/revistavarejosa.com.br\/novo\/?attachment_id=388\" class=\"wp-image-388\"\/><\/a><\/figure><\/li><li class=\"blocks-gallery-item\"><figure><a href=\"http:\/\/revistavarejosa.com.br\/novo\/wp-content\/uploads\/2018\/11\/nov_Tendencias_RakutenFa\u2560\u00fcbio-Coelho-President-of-Google-Brazil.jpg\"><img decoding=\"async\" src=\"http:\/\/revistavarejosa.com.br\/novo\/wp-content\/uploads\/2018\/11\/nov_Tendencias_RakutenFa\u2560\u00fcbio-Coelho-President-of-Google-Brazil.jpg\" alt=\"\" data-id=\"389\" data-link=\"http:\/\/revistavarejosa.com.br\/novo\/?attachment_id=389\" class=\"wp-image-389\"\/><\/a><\/figure><\/li><li class=\"blocks-gallery-item\"><figure><a href=\"http:\/\/revistavarejosa.com.br\/novo\/wp-content\/uploads\/2018\/11\/nov_Tendencias_RakutenRicardo-Amorim-The-most-influential-economist-in-Latin-America.jpg\"><img decoding=\"async\" src=\"http:\/\/revistavarejosa.com.br\/novo\/wp-content\/uploads\/2018\/11\/nov_Tendencias_RakutenRicardo-Amorim-The-most-influential-economist-in-Latin-America.jpg\" alt=\"\" data-id=\"390\" data-link=\"http:\/\/revistavarejosa.com.br\/novo\/?attachment_id=390\" class=\"wp-image-390\"\/><\/a><\/figure><\/li><\/ul>\n","protected":false},"excerpt":{"rendered":"<p>Um dos maiores eventos de e-commerce do Brasil consolida-se como espa\u00e7o de conex\u00f5es e conhecimento<\/p>\n","protected":false},"author":3,"featured_media":389,"comment_status":"open","ping_status":"open","sticky":false,"template":"","format":"standard","meta":{"footnotes":""},"categories":[51],"tags":[],"class_list":["post-386","post","type-post","status-publish","format-standard","has-post-thumbnail","hentry","category-inovacao"],"_links":{"self":[{"href":"https:\/\/cndl.org.br\/varejosa\/wp-json\/wp\/v2\/posts\/386","targetHints":{"allow":["GET"]}}],"collection":[{"href":"https:\/\/cndl.org.br\/varejosa\/wp-json\/wp\/v2\/posts"}],"about":[{"href":"https:\/\/cndl.org.br\/varejosa\/wp-json\/wp\/v2\/types\/post"}],"author":[{"embeddable":true,"href":"https:\/\/cndl.org.br\/varejosa\/wp-json\/wp\/v2\/users\/3"}],"replies":[{"embeddable":true,"href":"https:\/\/cndl.org.br\/varejosa\/wp-json\/wp\/v2\/comments?post=386"}],"version-history":[{"count":0,"href":"https:\/\/cndl.org.br\/varejosa\/wp-json\/wp\/v2\/posts\/386\/revisions"}],"wp:featuredmedia":[{"embeddable":true,"href":"https:\/\/cndl.org.br\/varejosa\/wp-json\/"}],"wp:attachment":[{"href":"https:\/\/cndl.org.br\/varejosa\/wp-json\/wp\/v2\/media?parent=386"}],"wp:term":[{"taxonomy":"category","embeddable":true,"href":"https:\/\/cndl.org.br\/varejosa\/wp-json\/wp\/v2\/categories?post=386"},{"taxonomy":"post_tag","embeddable":true,"href":"https:\/\/cndl.org.br\/varejosa\/wp-json\/wp\/v2\/tags?post=386"}],"curies":[{"name":"wp","href":"https:\/\/api.w.org\/{rel}","templated":true}]}}