{"id":4263,"count":1,"description":"","link":"https:\/\/cndl.org.br\/varejosa\/tag\/antecipacao-de-ferias-e-de-feriados\/","name":"antecipa\u00e7\u00e3o de f\u00e9rias e de feriados","slug":"antecipacao-de-ferias-e-de-feriados","taxonomy":"post_tag","meta":[],"_links":{"self":[{"href":"https:\/\/cndl.org.br\/varejosa\/wp-json\/wp\/v2\/tags\/4263","targetHints":{"allow":["GET"]}}],"collection":[{"href":"https:\/\/cndl.org.br\/varejosa\/wp-json\/wp\/v2\/tags"}],"about":[{"href":"https:\/\/cndl.org.br\/varejosa\/wp-json\/wp\/v2\/taxonomies\/post_tag"}],"wp:post_type":[{"href":"https:\/\/cndl.org.br\/varejosa\/wp-json\/wp\/v2\/posts?tags=4263"}],"curies":[{"name":"wp","href":"https:\/\/api.w.org\/{rel}","templated":true}]}}